{"id":23460,"date":"2026-08-31T13:27:00","date_gmt":"2026-08-31T11:27:00","guid":{"rendered":"https:\/\/modera.com\/?p=23460"},"modified":"2026-09-01T21:57:55","modified_gmt":"2026-09-01T19:57:55","slug":"aktsiakapitali-suurendamine-seoses-tootaja-optsioonilepingu-realiseerimisega-2026","status":"publish","type":"post","link":"https:\/\/modera.com\/et\/automotive\/aktsiakapitali-suurendamine-seoses-tootaja-optsioonilepingu-realiseerimisega-2026\/","title":{"rendered":"Aktsiakapitali suurendamine seoses t\u00f6\u00f6taja optsioonilepingu realiseerimisega"},"content":{"rendered":"\n<p class=\"wp-block-paragraph\">Modera AS (edaspidi Selts) n\u00f5ukogu otsustas 20. aprillil 2026 suurendada Seltsi aktsiakapitali 4925 euro v\u00f5rra. Aktsiakapitali suurendamine viidi l\u00e4bi seoses Seltsi optsiooniprogrammi alusel v\u00e4ljastatud optsioonide teostamisega.<\/p>\n\n\n\n<div style=\"height:30px\" aria-hidden=\"true\" class=\"wp-block-spacer\"><\/div>\n\n\n\n<p class=\"wp-block-paragraph\">Koosk\u00f5las Seltsi p\u00f5hikirja p-ga 2.2.6 suurendati Seltsi aktsiakapitali rahaliste sissemaksetega 197 248,90 eurolt 202 173,90 euroni, emiteerides 49 250 lihtaktsiat nimiv\u00e4\u00e4rtusega 0,1 eurot aktsia kohta. Optsiooni kohaselt oli hind 1 aktsia kohta 0,1 eurot. Aktsiate m\u00e4rkimise ja aktsiate eest tasumise t\u00e4htaeg oli 31. mai 2026. Seltsi \u00fclej\u00e4\u00e4nud aktsion\u00e4ride aktsiate m\u00e4rkimise ees\u00f5igus oli koosk\u00f5las Seltsi 27. juuni 2024 \u00fcldkoosoleku otsusega nr 5 v\u00e4listatud.<\/p>\n\n\n\n<div style=\"height:30px\" aria-hidden=\"true\" class=\"wp-block-spacer\"><\/div>\n\n\n\n<p class=\"wp-block-paragraph\">Aktsiakapitali suurendamisega emiteeriti 29 250 lihtaktsiat Seltsi v\u00f5tmet\u00f6\u00f6tajatele ning 20 000 lihtaktsiat n\u00f5ukogu liikmele Raido Toonekurg.<\/p>\n\n\n\n<div style=\"height:30px\" aria-hidden=\"true\" class=\"wp-block-spacer\"><\/div>\n\n\n\n<p class=\"wp-block-paragraph\">Eelkirjeldatud otsuste tulemusena on Seltsi uueks aktsiakapitaliks 202 173,90 eurot. Aktsiakapitali suurendamine kanti \u00e4riregistrisse 18. augustil 2026 ning Selts esitas 26. augustil 2026 taotluse k\u00f5igi uute aktsiate kauplemisele v\u00f5tmiseks Nasdaq Tallinna First North\u2019i nimekirjas. Nasdaq Tallinna b\u00f6rsi juhatus otsustas 27. augustil 2026 k\u00f5ikide t\u00e4iendavalt emiteeritud aktsiate kauplemisele v\u00f5tmise Nasdaq Balti alternatiivturule First North ning alates t\u00e4nasest, 31. augustist 2026, on k\u00f5ik t\u00e4iendavalt emiteeritud aktsiad kaubeldavad.<\/p>\n\n\n\n<div style=\"height:30px\" aria-hidden=\"true\" class=\"wp-block-spacer\"><\/div>\n\n\n\n<p class=\"wp-block-paragraph\">Moderal on \u00fcle 3000 \u00e4rikasutaja enam kui 16 riigis ning ettev\u00f5tte s\u00fcsteemi kaudu on eri riikides m\u00fc\u00fcdud \u00fcle 8 miljardi euro v\u00e4\u00e4rtuses s\u00f5idukeid. Eestis on ettev\u00f5te saavutanud ligikaudu 60% turuosa. Modera lahendusi kasutavad Toyota, Nissani, Volkswageni, Renault\u2019, BMW, Kia, Hyundai, Volvo, Mercedes-Benzi ja teiste automarkide maaletoojad ning edasim\u00fc\u00fcjad.<\/p>\n\n\n\n<div style=\"height:30px\" aria-hidden=\"true\" class=\"wp-block-spacer\"><\/div>\n\n\n\n<p class=\"wp-block-paragraph\">Lisainformatsioon:<\/p>\n\n\n\n<p class=\"wp-block-paragraph\">Janek Pr\u00fcmmel<br>Juhatuse liige<br>Modera AS<br>E-post: janek.prummel@modera.com<br>Telefon: +372 55 111 00<\/p>\n","protected":false},"excerpt":{"rendered":"<p>Modera AS (edaspidi Selts) n\u00f5ukogu otsustas 20. aprillil 2026 suurendada Seltsi aktsiakapitali 4925 euro v\u00f5rra. Aktsiakapitali suurendamine viidi l\u00e4bi seoses Seltsi optsiooniprogrammi alusel v\u00e4ljastatud optsioonide teostamisega. Koosk\u00f5las Seltsi p\u00f5hikirja p-ga&hellip;<\/p>\n","protected":false},"author":12,"featured_media":20456,"comment_status":"open","ping_status":"open","sticky":false,"template":"","format":"standard","meta":{"_lmt_disableupdate":"","_lmt_disable":"","footnotes":""},"categories":[92],"tags":[],"class_list":["post-23460","post","type-post","status-publish","format-standard","has-post-thumbnail","hentry","category-borsiteated"],"yoast_head":"<!-- This site is optimized with the Yoast SEO Premium plugin v27.5 (Yoast SEO v28.0) - https:\/\/yoast.com\/product\/yoast-seo-premium-wordpress\/ -->\n<title>Aktsiakapitali suurendamine seoses t\u00f6\u00f6taja optsioonilepingu realiseerimisega - Modera<\/title>\n<meta name=\"robots\" content=\"index, follow, max-snippet:-1, max-image-preview:large, max-video-preview:-1\" \/>\n<link rel=\"canonical\" href=\"https:\/\/modera.com\/et\/automotive\/aktsiakapitali-suurendamine-seoses-tootaja-optsioonilepingu-realiseerimisega-2026\/\" \/>\n<meta property=\"og:locale\" content=\"et_EE\" \/>\n<meta property=\"og:type\" content=\"article\" \/>\n<meta property=\"og:title\" content=\"Aktsiakapitali suurendamine seoses t\u00f6\u00f6taja optsioonilepingu realiseerimisega\" \/>\n<meta property=\"og:description\" content=\"Modera AS (edaspidi Selts) n\u00f5ukogu otsustas 20. aprillil 2026 suurendada Seltsi aktsiakapitali 4925 euro v\u00f5rra. Aktsiakapitali suurendamine viidi l\u00e4bi seoses Seltsi optsiooniprogrammi alusel v\u00e4ljastatud optsioonide teostamisega. Koosk\u00f5las Seltsi p\u00f5hikirja p-ga&hellip;\" \/>\n<meta property=\"og:url\" content=\"https:\/\/modera.com\/et\/automotive\/aktsiakapitali-suurendamine-seoses-tootaja-optsioonilepingu-realiseerimisega-2026\/\" \/>\n<meta property=\"og:site_name\" content=\"Modera\" \/>\n<meta property=\"article:publisher\" content=\"https:\/\/www.facebook.com\/moderasoft\" \/>\n<meta property=\"article:published_time\" content=\"2026-08-31T11:27:00+00:00\" \/>\n<meta property=\"article:modified_time\" content=\"2026-09-01T19:57:55+00:00\" \/>\n<meta property=\"og:image\" content=\"https:\/\/modera.com\/wp-content\/uploads\/2024\/02\/modera-bg-3-70.png\" \/>\n\t<meta property=\"og:image:width\" content=\"180\" \/>\n\t<meta property=\"og:image:height\" content=\"180\" \/>\n\t<meta property=\"og:image:type\" content=\"image\/png\" \/>\n<meta name=\"author\" content=\"Mariam Burchuladze\" \/>\n<meta name=\"twitter:card\" content=\"summary_large_image\" \/>\n<meta name=\"twitter:label1\" content=\"Kirjutanud\" \/>\n\t<meta name=\"twitter:data1\" content=\"Mariam Burchuladze\" \/>\n\t<meta name=\"twitter:label2\" content=\"Eeldatav lugemisaeg\" \/>\n\t<meta name=\"twitter:data2\" content=\"2 minutit\" \/>\n<script type=\"application\/ld+json\" class=\"yoast-schema-graph\">{\"@context\":\"https:\\\/\\\/schema.org\",\"@graph\":[{\"@type\":\"Article\",\"@id\":\"https:\\\/\\\/modera.com\\\/et\\\/automotive\\\/aktsiakapitali-suurendamine-seoses-tootaja-optsioonilepingu-realiseerimisega-2026\\\/#article\",\"isPartOf\":{\"@id\":\"https:\\\/\\\/modera.com\\\/et\\\/automotive\\\/aktsiakapitali-suurendamine-seoses-tootaja-optsioonilepingu-realiseerimisega-2026\\\/\"},\"author\":{\"name\":\"Mariam Burchuladze\",\"@id\":\"https:\\\/\\\/modera.com\\\/et\\\/#\\\/schema\\\/person\\\/f0645968e8e3a5840ec0f4eab23c5406\"},\"headline\":\"Aktsiakapitali suurendamine seoses t\u00f6\u00f6taja optsioonilepingu realiseerimisega\",\"datePublished\":\"2026-08-31T11:27:00+00:00\",\"dateModified\":\"2026-09-01T19:57:55+00:00\",\"mainEntityOfPage\":{\"@id\":\"https:\\\/\\\/modera.com\\\/et\\\/automotive\\\/aktsiakapitali-suurendamine-seoses-tootaja-optsioonilepingu-realiseerimisega-2026\\\/\"},\"wordCount\":233,\"commentCount\":0,\"publisher\":{\"@id\":\"https:\\\/\\\/modera.com\\\/et\\\/#organization\"},\"image\":{\"@id\":\"https:\\\/\\\/modera.com\\\/et\\\/automotive\\\/aktsiakapitali-suurendamine-seoses-tootaja-optsioonilepingu-realiseerimisega-2026\\\/#primaryimage\"},\"thumbnailUrl\":\"https:\\\/\\\/modera.com\\\/wp-content\\\/uploads\\\/2024\\\/02\\\/modera-bg-3-70.png\",\"articleSection\":[\"B\u00f6rsiteated\"],\"inLanguage\":\"et\",\"potentialAction\":[{\"@type\":\"CommentAction\",\"name\":\"Comment\",\"target\":[\"https:\\\/\\\/modera.com\\\/et\\\/automotive\\\/aktsiakapitali-suurendamine-seoses-tootaja-optsioonilepingu-realiseerimisega-2026\\\/#respond\"]}]},{\"@type\":\"WebPage\",\"@id\":\"https:\\\/\\\/modera.com\\\/et\\\/automotive\\\/aktsiakapitali-suurendamine-seoses-tootaja-optsioonilepingu-realiseerimisega-2026\\\/\",\"url\":\"https:\\\/\\\/modera.com\\\/et\\\/automotive\\\/aktsiakapitali-suurendamine-seoses-tootaja-optsioonilepingu-realiseerimisega-2026\\\/\",\"name\":\"Aktsiakapitali suurendamine seoses t\u00f6\u00f6taja optsioonilepingu realiseerimisega - Modera\",\"isPartOf\":{\"@id\":\"https:\\\/\\\/modera.com\\\/et\\\/#website\"},\"primaryImageOfPage\":{\"@id\":\"https:\\\/\\\/modera.com\\\/et\\\/automotive\\\/aktsiakapitali-suurendamine-seoses-tootaja-optsioonilepingu-realiseerimisega-2026\\\/#primaryimage\"},\"image\":{\"@id\":\"https:\\\/\\\/modera.com\\\/et\\\/automotive\\\/aktsiakapitali-suurendamine-seoses-tootaja-optsioonilepingu-realiseerimisega-2026\\\/#primaryimage\"},\"thumbnailUrl\":\"https:\\\/\\\/modera.com\\\/wp-content\\\/uploads\\\/2024\\\/02\\\/modera-bg-3-70.png\",\"datePublished\":\"2026-08-31T11:27:00+00:00\",\"dateModified\":\"2026-09-01T19:57:55+00:00\",\"breadcrumb\":{\"@id\":\"https:\\\/\\\/modera.com\\\/et\\\/automotive\\\/aktsiakapitali-suurendamine-seoses-tootaja-optsioonilepingu-realiseerimisega-2026\\\/#breadcrumb\"},\"inLanguage\":\"et\",\"potentialAction\":[{\"@type\":\"ReadAction\",\"target\":[\"https:\\\/\\\/modera.com\\\/et\\\/automotive\\\/aktsiakapitali-suurendamine-seoses-tootaja-optsioonilepingu-realiseerimisega-2026\\\/\"]}]},{\"@type\":\"ImageObject\",\"inLanguage\":\"et\",\"@id\":\"https:\\\/\\\/modera.com\\\/et\\\/automotive\\\/aktsiakapitali-suurendamine-seoses-tootaja-optsioonilepingu-realiseerimisega-2026\\\/#primaryimage\",\"url\":\"https:\\\/\\\/modera.com\\\/wp-content\\\/uploads\\\/2024\\\/02\\\/modera-bg-3-70.png\",\"contentUrl\":\"https:\\\/\\\/modera.com\\\/wp-content\\\/uploads\\\/2024\\\/02\\\/modera-bg-3-70.png\",\"width\":180,\"height\":180,\"caption\":\"b\u00f6rsiteade\"},{\"@type\":\"BreadcrumbList\",\"@id\":\"https:\\\/\\\/modera.com\\\/et\\\/automotive\\\/aktsiakapitali-suurendamine-seoses-tootaja-optsioonilepingu-realiseerimisega-2026\\\/#breadcrumb\",\"itemListElement\":[{\"@type\":\"ListItem\",\"position\":1,\"name\":\"Home\",\"item\":\"https:\\\/\\\/modera.com\\\/et\\\/\"},{\"@type\":\"ListItem\",\"position\":2,\"name\":\"Aktsiakapitali suurendamine seoses t\u00f6\u00f6taja optsioonilepingu realiseerimisega\"}]},{\"@type\":\"WebSite\",\"@id\":\"https:\\\/\\\/modera.com\\\/et\\\/#website\",\"url\":\"https:\\\/\\\/modera.com\\\/et\\\/\",\"name\":\"Modera\",\"description\":\"Car sales made simple\",\"publisher\":{\"@id\":\"https:\\\/\\\/modera.com\\\/et\\\/#organization\"},\"potentialAction\":[{\"@type\":\"SearchAction\",\"target\":{\"@type\":\"EntryPoint\",\"urlTemplate\":\"https:\\\/\\\/modera.com\\\/et\\\/?s={search_term_string}\"},\"query-input\":{\"@type\":\"PropertyValueSpecification\",\"valueRequired\":true,\"valueName\":\"search_term_string\"}}],\"inLanguage\":\"et\"},{\"@type\":[\"Organization\",\"Place\"],\"@id\":\"https:\\\/\\\/modera.com\\\/et\\\/#organization\",\"name\":\"Modera Ltd.\",\"alternateName\":\"Aktsiaselts Modera\",\"url\":\"https:\\\/\\\/modera.com\\\/et\\\/\",\"logo\":{\"@id\":\"https:\\\/\\\/modera.com\\\/et\\\/automotive\\\/aktsiakapitali-suurendamine-seoses-tootaja-optsioonilepingu-realiseerimisega-2026\\\/#local-main-organization-logo\"},\"image\":{\"@id\":\"https:\\\/\\\/modera.com\\\/et\\\/automotive\\\/aktsiakapitali-suurendamine-seoses-tootaja-optsioonilepingu-realiseerimisega-2026\\\/#local-main-organization-logo\"},\"sameAs\":[\"https:\\\/\\\/www.facebook.com\\\/moderasoft\",\"https:\\\/\\\/linkedin.com\\\/company\\\/modera-automotive\"],\"description\":\"Modera helps automotive manufacturers, importers, and dealer networks modernise how they sell, communicate, and grow. Our AI-driven platform connects every part of the sales ecosystem \u2014 from lead to delivery \u2014 enabling faster sales, smarter decisions, and seamless customer experiences across online and in-store channels.\",\"legalName\":\"Aktsiaselts Modera\",\"foundingDate\":\"2007-04-27\",\"duns\":\"565452886\",\"numberOfEmployees\":{\"@type\":\"QuantitativeValue\",\"minValue\":\"11\",\"maxValue\":\"50\"},\"address\":{\"@id\":\"https:\\\/\\\/modera.com\\\/et\\\/automotive\\\/aktsiakapitali-suurendamine-seoses-tootaja-optsioonilepingu-realiseerimisega-2026\\\/#local-main-place-address\"},\"geo\":{\"@type\":\"GeoCoordinates\",\"latitude\":\"59.42723790071567\",\"longitude\":\"24.65569993969669\"},\"telephone\":[\"+3726505500\"],\"contactPoint\":{\"@type\":\"ContactPoint\",\"email\":\"sales@modera.com\"},\"openingHoursSpecification\":[{\"@type\":\"OpeningHoursSpecification\",\"dayOfWeek\":[\"Monday\",\"Tuesday\",\"Wednesday\",\"Thursday\",\"Friday\"],\"opens\":\"09:00\",\"closes\":\"17:00\"},{\"@type\":\"OpeningHoursSpecification\",\"dayOfWeek\":[\"Saturday\",\"Sunday\"],\"opens\":\"00:00\",\"closes\":\"00:00\"}],\"email\":\"info@modera.com\",\"areaServed\":\"Whole world\",\"vatID\":\"EE101257613\"},{\"@type\":\"Person\",\"@id\":\"https:\\\/\\\/modera.com\\\/et\\\/#\\\/schema\\\/person\\\/f0645968e8e3a5840ec0f4eab23c5406\",\"name\":\"Mariam Burchuladze\",\"image\":{\"@type\":\"ImageObject\",\"inLanguage\":\"et\",\"@id\":\"https:\\\/\\\/secure.gravatar.com\\\/avatar\\\/40cf42fb253bc5b7537669066437587b37aad250234788f0b33e689cfba680d1?s=96&d=mm&r=g\",\"url\":\"https:\\\/\\\/secure.gravatar.com\\\/avatar\\\/40cf42fb253bc5b7537669066437587b37aad250234788f0b33e689cfba680d1?s=96&d=mm&r=g\",\"contentUrl\":\"https:\\\/\\\/secure.gravatar.com\\\/avatar\\\/40cf42fb253bc5b7537669066437587b37aad250234788f0b33e689cfba680d1?s=96&d=mm&r=g\",\"caption\":\"Mariam Burchuladze\"},\"url\":\"https:\\\/\\\/modera.com\\\/et\\\/automotive\\\/author\\\/mariam\\\/\"},{\"@type\":\"PostalAddress\",\"@id\":\"https:\\\/\\\/modera.com\\\/et\\\/automotive\\\/aktsiakapitali-suurendamine-seoses-tootaja-optsioonilepingu-realiseerimisega-2026\\\/#local-main-place-address\",\"streetAddress\":\"M\u00f5isa tn 4\",\"addressLocality\":\"Tallinn\",\"postalCode\":\"13522\",\"addressRegion\":\"Harjumaa\",\"addressCountry\":\"EE\"},{\"@type\":\"ImageObject\",\"inLanguage\":\"et\",\"@id\":\"https:\\\/\\\/modera.com\\\/et\\\/automotive\\\/aktsiakapitali-suurendamine-seoses-tootaja-optsioonilepingu-realiseerimisega-2026\\\/#local-main-organization-logo\",\"url\":\"https:\\\/\\\/modera.com\\\/wp-content\\\/uploads\\\/2025\\\/12\\\/Modera-logo-square-hq.png\",\"contentUrl\":\"https:\\\/\\\/modera.com\\\/wp-content\\\/uploads\\\/2025\\\/12\\\/Modera-logo-square-hq.png\",\"width\":540,\"height\":540,\"caption\":\"Modera Ltd.\"}]}<\/script>\n<meta name=\"geo.placename\" content=\"Tallinn\" \/>\n<meta name=\"geo.position\" content=\"59.42723790071567;24.65569993969669\" \/>\n<meta name=\"geo.region\" content=\"Estonia\" \/>\n<!-- \/ Yoast SEO Premium plugin. -->","yoast_head_json":{"title":"Aktsiakapitali suurendamine seoses t\u00f6\u00f6taja optsioonilepingu realiseerimisega - Modera","robots":{"index":"index","follow":"follow","max-snippet":"max-snippet:-1","max-image-preview":"max-image-preview:large","max-video-preview":"max-video-preview:-1"},"canonical":"https:\/\/modera.com\/et\/automotive\/aktsiakapitali-suurendamine-seoses-tootaja-optsioonilepingu-realiseerimisega-2026\/","og_locale":"et_EE","og_type":"article","og_title":"Aktsiakapitali suurendamine seoses t\u00f6\u00f6taja optsioonilepingu realiseerimisega","og_description":"Modera AS (edaspidi Selts) n\u00f5ukogu otsustas 20. aprillil 2026 suurendada Seltsi aktsiakapitali 4925 euro v\u00f5rra. Aktsiakapitali suurendamine viidi l\u00e4bi seoses Seltsi optsiooniprogrammi alusel v\u00e4ljastatud optsioonide teostamisega. Koosk\u00f5las Seltsi p\u00f5hikirja p-ga&hellip;","og_url":"https:\/\/modera.com\/et\/automotive\/aktsiakapitali-suurendamine-seoses-tootaja-optsioonilepingu-realiseerimisega-2026\/","og_site_name":"Modera","article_publisher":"https:\/\/www.facebook.com\/moderasoft","article_published_time":"2026-08-31T11:27:00+00:00","article_modified_time":"2026-09-01T19:57:55+00:00","og_image":[{"width":180,"height":180,"url":"https:\/\/modera.com\/wp-content\/uploads\/2024\/02\/modera-bg-3-70.png","type":"image\/png"}],"author":"Mariam Burchuladze","twitter_card":"summary_large_image","twitter_misc":{"Kirjutanud":"Mariam Burchuladze","Eeldatav lugemisaeg":"2 minutit"},"schema":{"@context":"https:\/\/schema.org","@graph":[{"@type":"Article","@id":"https:\/\/modera.com\/et\/automotive\/aktsiakapitali-suurendamine-seoses-tootaja-optsioonilepingu-realiseerimisega-2026\/#article","isPartOf":{"@id":"https:\/\/modera.com\/et\/automotive\/aktsiakapitali-suurendamine-seoses-tootaja-optsioonilepingu-realiseerimisega-2026\/"},"author":{"name":"Mariam Burchuladze","@id":"https:\/\/modera.com\/et\/#\/schema\/person\/f0645968e8e3a5840ec0f4eab23c5406"},"headline":"Aktsiakapitali suurendamine seoses t\u00f6\u00f6taja optsioonilepingu realiseerimisega","datePublished":"2026-08-31T11:27:00+00:00","dateModified":"2026-09-01T19:57:55+00:00","mainEntityOfPage":{"@id":"https:\/\/modera.com\/et\/automotive\/aktsiakapitali-suurendamine-seoses-tootaja-optsioonilepingu-realiseerimisega-2026\/"},"wordCount":233,"commentCount":0,"publisher":{"@id":"https:\/\/modera.com\/et\/#organization"},"image":{"@id":"https:\/\/modera.com\/et\/automotive\/aktsiakapitali-suurendamine-seoses-tootaja-optsioonilepingu-realiseerimisega-2026\/#primaryimage"},"thumbnailUrl":"https:\/\/modera.com\/wp-content\/uploads\/2024\/02\/modera-bg-3-70.png","articleSection":["B\u00f6rsiteated"],"inLanguage":"et","potentialAction":[{"@type":"CommentAction","name":"Comment","target":["https:\/\/modera.com\/et\/automotive\/aktsiakapitali-suurendamine-seoses-tootaja-optsioonilepingu-realiseerimisega-2026\/#respond"]}]},{"@type":"WebPage","@id":"https:\/\/modera.com\/et\/automotive\/aktsiakapitali-suurendamine-seoses-tootaja-optsioonilepingu-realiseerimisega-2026\/","url":"https:\/\/modera.com\/et\/automotive\/aktsiakapitali-suurendamine-seoses-tootaja-optsioonilepingu-realiseerimisega-2026\/","name":"Aktsiakapitali suurendamine seoses t\u00f6\u00f6taja optsioonilepingu realiseerimisega - Modera","isPartOf":{"@id":"https:\/\/modera.com\/et\/#website"},"primaryImageOfPage":{"@id":"https:\/\/modera.com\/et\/automotive\/aktsiakapitali-suurendamine-seoses-tootaja-optsioonilepingu-realiseerimisega-2026\/#primaryimage"},"image":{"@id":"https:\/\/modera.com\/et\/automotive\/aktsiakapitali-suurendamine-seoses-tootaja-optsioonilepingu-realiseerimisega-2026\/#primaryimage"},"thumbnailUrl":"https:\/\/modera.com\/wp-content\/uploads\/2024\/02\/modera-bg-3-70.png","datePublished":"2026-08-31T11:27:00+00:00","dateModified":"2026-09-01T19:57:55+00:00","breadcrumb":{"@id":"https:\/\/modera.com\/et\/automotive\/aktsiakapitali-suurendamine-seoses-tootaja-optsioonilepingu-realiseerimisega-2026\/#breadcrumb"},"inLanguage":"et","potentialAction":[{"@type":"ReadAction","target":["https:\/\/modera.com\/et\/automotive\/aktsiakapitali-suurendamine-seoses-tootaja-optsioonilepingu-realiseerimisega-2026\/"]}]},{"@type":"ImageObject","inLanguage":"et","@id":"https:\/\/modera.com\/et\/automotive\/aktsiakapitali-suurendamine-seoses-tootaja-optsioonilepingu-realiseerimisega-2026\/#primaryimage","url":"https:\/\/modera.com\/wp-content\/uploads\/2024\/02\/modera-bg-3-70.png","contentUrl":"https:\/\/modera.com\/wp-content\/uploads\/2024\/02\/modera-bg-3-70.png","width":180,"height":180,"caption":"b\u00f6rsiteade"},{"@type":"BreadcrumbList","@id":"https:\/\/modera.com\/et\/automotive\/aktsiakapitali-suurendamine-seoses-tootaja-optsioonilepingu-realiseerimisega-2026\/#breadcrumb","itemListElement":[{"@type":"ListItem","position":1,"name":"Home","item":"https:\/\/modera.com\/et\/"},{"@type":"ListItem","position":2,"name":"Aktsiakapitali suurendamine seoses t\u00f6\u00f6taja optsioonilepingu realiseerimisega"}]},{"@type":"WebSite","@id":"https:\/\/modera.com\/et\/#website","url":"https:\/\/modera.com\/et\/","name":"Modera","description":"Car sales made simple","publisher":{"@id":"https:\/\/modera.com\/et\/#organization"},"potentialAction":[{"@type":"SearchAction","target":{"@type":"EntryPoint","urlTemplate":"https:\/\/modera.com\/et\/?s={search_term_string}"},"query-input":{"@type":"PropertyValueSpecification","valueRequired":true,"valueName":"search_term_string"}}],"inLanguage":"et"},{"@type":["Organization","Place"],"@id":"https:\/\/modera.com\/et\/#organization","name":"Modera Ltd.","alternateName":"Aktsiaselts Modera","url":"https:\/\/modera.com\/et\/","logo":{"@id":"https:\/\/modera.com\/et\/automotive\/aktsiakapitali-suurendamine-seoses-tootaja-optsioonilepingu-realiseerimisega-2026\/#local-main-organization-logo"},"image":{"@id":"https:\/\/modera.com\/et\/automotive\/aktsiakapitali-suurendamine-seoses-tootaja-optsioonilepingu-realiseerimisega-2026\/#local-main-organization-logo"},"sameAs":["https:\/\/www.facebook.com\/moderasoft","https:\/\/linkedin.com\/company\/modera-automotive"],"description":"Modera helps automotive manufacturers, importers, and dealer networks modernise how they sell, communicate, and grow. Our AI-driven platform connects every part of the sales ecosystem \u2014 from lead to delivery \u2014 enabling faster sales, smarter decisions, and seamless customer experiences across online and in-store channels.","legalName":"Aktsiaselts Modera","foundingDate":"2007-04-27","duns":"565452886","numberOfEmployees":{"@type":"QuantitativeValue","minValue":"11","maxValue":"50"},"address":{"@id":"https:\/\/modera.com\/et\/automotive\/aktsiakapitali-suurendamine-seoses-tootaja-optsioonilepingu-realiseerimisega-2026\/#local-main-place-address"},"geo":{"@type":"GeoCoordinates","latitude":"59.42723790071567","longitude":"24.65569993969669"},"telephone":["+3726505500"],"contactPoint":{"@type":"ContactPoint","email":"sales@modera.com"},"openingHoursSpecification":[{"@type":"OpeningHoursSpecification","dayOfWeek":["Monday","Tuesday","Wednesday","Thursday","Friday"],"opens":"09:00","closes":"17:00"},{"@type":"OpeningHoursSpecification","dayOfWeek":["Saturday","Sunday"],"opens":"00:00","closes":"00:00"}],"email":"info@modera.com","areaServed":"Whole world","vatID":"EE101257613"},{"@type":"Person","@id":"https:\/\/modera.com\/et\/#\/schema\/person\/f0645968e8e3a5840ec0f4eab23c5406","name":"Mariam Burchuladze","image":{"@type":"ImageObject","inLanguage":"et","@id":"https:\/\/secure.gravatar.com\/avatar\/40cf42fb253bc5b7537669066437587b37aad250234788f0b33e689cfba680d1?s=96&d=mm&r=g","url":"https:\/\/secure.gravatar.com\/avatar\/40cf42fb253bc5b7537669066437587b37aad250234788f0b33e689cfba680d1?s=96&d=mm&r=g","contentUrl":"https:\/\/secure.gravatar.com\/avatar\/40cf42fb253bc5b7537669066437587b37aad250234788f0b33e689cfba680d1?s=96&d=mm&r=g","caption":"Mariam Burchuladze"},"url":"https:\/\/modera.com\/et\/automotive\/author\/mariam\/"},{"@type":"PostalAddress","@id":"https:\/\/modera.com\/et\/automotive\/aktsiakapitali-suurendamine-seoses-tootaja-optsioonilepingu-realiseerimisega-2026\/#local-main-place-address","streetAddress":"M\u00f5isa tn 4","addressLocality":"Tallinn","postalCode":"13522","addressRegion":"Harjumaa","addressCountry":"EE"},{"@type":"ImageObject","inLanguage":"et","@id":"https:\/\/modera.com\/et\/automotive\/aktsiakapitali-suurendamine-seoses-tootaja-optsioonilepingu-realiseerimisega-2026\/#local-main-organization-logo","url":"https:\/\/modera.com\/wp-content\/uploads\/2025\/12\/Modera-logo-square-hq.png","contentUrl":"https:\/\/modera.com\/wp-content\/uploads\/2025\/12\/Modera-logo-square-hq.png","width":540,"height":540,"caption":"Modera Ltd."}]},"geo.placename":"Tallinn","geo.position":{"lat":"59.42723790071567","long":"24.65569993969669"},"geo.region":"Estonia"},"_links":{"self":[{"href":"https:\/\/modera.com\/et\/wp-json\/wp\/v2\/posts\/23460","targetHints":{"allow":["GET"]}}],"collection":[{"href":"https:\/\/modera.com\/et\/wp-json\/wp\/v2\/posts"}],"about":[{"href":"https:\/\/modera.com\/et\/wp-json\/wp\/v2\/types\/post"}],"author":[{"embeddable":true,"href":"https:\/\/modera.com\/et\/wp-json\/wp\/v2\/users\/12"}],"replies":[{"embeddable":true,"href":"https:\/\/modera.com\/et\/wp-json\/wp\/v2\/comments?post=23460"}],"version-history":[{"count":1,"href":"https:\/\/modera.com\/et\/wp-json\/wp\/v2\/posts\/23460\/revisions"}],"predecessor-version":[{"id":23462,"href":"https:\/\/modera.com\/et\/wp-json\/wp\/v2\/posts\/23460\/revisions\/23462"}],"wp:featuredmedia":[{"embeddable":true,"href":"https:\/\/modera.com\/et\/wp-json\/wp\/v2\/media\/20456"}],"wp:attachment":[{"href":"https:\/\/modera.com\/et\/wp-json\/wp\/v2\/media?parent=23460"}],"wp:term":[{"taxonomy":"category","embeddable":true,"href":"https:\/\/modera.com\/et\/wp-json\/wp\/v2\/categories?post=23460"},{"taxonomy":"post_tag","embeddable":true,"href":"https:\/\/modera.com\/et\/wp-json\/wp\/v2\/tags?post=23460"}],"curies":[{"name":"wp","href":"https:\/\/api.w.org\/{rel}","templated":true}]}}