{"id":22325,"date":"2025-04-16T10:29:30","date_gmt":"2025-04-16T08:29:30","guid":{"rendered":"https:\/\/modera.com\/?p=22325"},"modified":"2025-04-16T10:31:07","modified_gmt":"2025-04-16T08:31:07","slug":"modera-tugevad-1-kvartali-muugitulemused-ning-2025-ja-2026-plaanide-uuendus","status":"publish","type":"post","link":"https:\/\/modera.com\/et\/automotive\/modera-tugevad-1-kvartali-muugitulemused-ning-2025-ja-2026-plaanide-uuendus\/","title":{"rendered":"Modera\u00a0tugevad 1. kvartali m\u00fc\u00fcgitulemused ning 2025 ja 2026 plaanide uuendus"},"content":{"rendered":"\n<p>2025. aasta esimene kvartal on olnud Moderal edukas. Kvartali m\u00fc\u00fcgitulu oli 814 tuhat eurot, 25% kasv v\u00f5rreldes 2024. aasta esimese kvartaliga. Sellest jooksvad tagatud tulud olid 386 tuhat eurot, mis on 16% kasv v\u00f5rreldes eelmise aasta sama parioodiga. Kvartali kasumiks kujunes 289 tuhat eurot.<\/p>\n\n\n\n<div style=\"height:20px\" aria-hidden=\"true\" class=\"wp-block-spacer\"><\/div>\n\n\n\n<p>Tegu on&nbsp;Modera&nbsp;ajaloo k\u00f5ige parema kvartalitulemusega.<\/p>\n\n\n\n<div style=\"height:20px\" aria-hidden=\"true\" class=\"wp-block-spacer\"><\/div>\n\n\n\n<p>78% tuludest tuli ekspordist, kus suurimad tehingupartnerid olid Prantsusmaal ja P\u00f5hjamaades.<\/p>\n\n\n\n<div style=\"height:20px\" aria-hidden=\"true\" class=\"wp-block-spacer\"><\/div>\n\n\n\n<p>2024. aastal lansseerisime edukalt oma m\u00fc\u00fcgilahenduse <a href=\"https:\/\/www.linkedin.com\/showcase\/nissan-nordic-europe\/?\" target=\"_blank\" rel=\"noreferrer noopener\">Nissanile <\/a>ja 43 edasim\u00fc\u00fcjale Rootsis ja t\u00e4na v\u00f5ib \u00e4ra m\u00e4rkida, et koost\u00f6\u00f6 on olnud v\u00e4ga hea, oleme ennast t\u00f5estanud usaldusv\u00e4\u00e4rse ja agiilse partnerina.\u00a0<\/p>\n\n\n\n<p>Rootsis on Nissaniga k\u00e4imas mitmed uued arendusprojektid ning oleme laiendanud meie koost\u00f6\u00f6d Norra ja Taani turule. Need kajastuvad teise kvartali m\u00fc\u00fcginumbrites.<\/p>\n\n\n\n<div style=\"height:20px\" aria-hidden=\"true\" class=\"wp-block-spacer\"><\/div>\n\n\n\n<p>Samas oli 1. kvartal ka tegus Balti turgudel, kus juurutasime enda m\u00fc\u00fcgilahenduse BYD ja SWM br\u00e4ndi edasim\u00fc\u00fcjale. Lisaks juurutasime enda kasutatud auto m\u00fc\u00fcgimooduli mitmele suurele autom\u00fc\u00fcjale.<\/p>\n\n\n\n<p>Hea meel on \u00e4ra m\u00e4rkida, et vaatamata keerulistele oludele Ukrainas oleme juurutanud oma m\u00fc\u00fcgis\u00fcsteemi Volvo ja \u0160koda edasim\u00fc\u00fcjale ning\u00a0<a href=\"https:\/\/modera.com\/automotive-website-builder\/\">Modera\u00a0veebilehe platvormi<\/a> Lexusele.\u00a0<\/p>\n\n\n\n<div style=\"height:20px\" aria-hidden=\"true\" class=\"wp-block-spacer\"><\/div>\n\n\n\n<p>Oleme turule toonud ka mitmeid uusi lahendusi, mida oleme edukalt oma kliendibaasile m\u00fc\u00fcnud. Nendeks on arveldusmoodul, online proovis\u00f5itude broneerimine, digitaalne kliendi n\u00f5usolekute haldus ja&nbsp;Modera&nbsp;anal\u00fc\u00fctika platvorm. Viimast piloteerime praegu Nissaniga.<\/p>\n\n\n\n<p>Oleme aina rohkem rakendamas AI v\u00f5imekusi oma platvormil eesm\u00e4rgiga automatiseerida m\u00fc\u00fcgitegevusi pakkudes oma klientidele kulude kokkuhoidu.<\/p>\n\n\n\n<div style=\"height:30px\" aria-hidden=\"true\" class=\"wp-block-spacer\"><\/div>\n\n\n\n<h3 class=\"wp-block-heading\" id=\"h-tulud-2025-ja-2026\">Tulud 2025 ja 2026<\/h3>\n\n\n\n<div style=\"height:20px\" aria-hidden=\"true\" class=\"wp-block-spacer\"><\/div>\n\n\n\n<p>Planeeritav m\u00fc\u00fcgimaht aastal 2025 on 2,7 miljonit eurot v\u00f5rreldes aastataguse prognoosiga, mis oli 4,3 miljonit eurot.<br>Peamiseks m\u00fc\u00fcgimahu korrigeerimise p\u00f5hjuseks on heitlik olukord ja teadmatus maailma majanduses.<\/p>\n\n\n\n<div style=\"height:30px\" aria-hidden=\"true\" class=\"wp-block-spacer\"><\/div>\n\n\n\n<h3 class=\"wp-block-heading\" id=\"h-kasumlikkus-2025-ja-2026\">Kasumlikkus 2025 ja 2026<\/h3>\n\n\n\n<div style=\"height:20px\" aria-hidden=\"true\" class=\"wp-block-spacer\"><\/div>\n\n\n\n<p>Tulenevalt m\u00fc\u00fcgitulu v\u00e4iksemast kasvust v\u00f5rreldes varasemaga oleme vastavalt uuendanud ka kasumi plaani. 2025. aasta plaanime l\u00f5petada 0,4 M eurose kasumiga. 2025. aastal plaanime saavutada kasumiks 1,1 M eurot. Rahavoogude poolest on plaanis nendel aastatel p\u00fcsida tasemel, kus t\u00e4iendavat finantseerimist ei vajata ning edasises tulevikus on sihiks j\u00f5uda ka dividendi maksmiseks sobiliku rahavoo tasemeni.<\/p>\n\n\n\n<div style=\"height:20px\" aria-hidden=\"true\" class=\"wp-block-spacer\"><\/div>\n\n\n\n<figure class=\"wp-block-table\"><div class=\"pcrstb-wrap\"><table class=\"has-fixed-layout\"><tbody><tr><td>tuhat EUR<\/td><td>2025<\/td><td>2025<\/td><td>2026<\/td><td>2026<\/td><\/tr><tr><td>&nbsp;<\/td><td>Algne plaan<\/td><td>Uus plaan<\/td><td>Algne plaan<\/td><td>Uus plaan<\/td><\/tr><tr><td>Tulu kokku<\/td><td>4 263<\/td><td>2 698<\/td><td>5 826<\/td><td>3 993<\/td><\/tr><tr><td>Kapitaliseeritud v\u00e4ljaminekud oma tarbeks p\u00f5hivarade valmistamisel<\/td><td>1 995<\/td><td>1 514<\/td><td>2 194<\/td><td>2 136<\/td><\/tr><tr><td>Kasum(kahjum) enne intresse, makse ja kulumit (EBITDA)<\/td><td>3 019<\/td><td>1 675<\/td><td>4 440<\/td><td>2 722<\/td><\/tr><tr><td>Kasum(kahjum) enne makse<\/td><td>1 347<\/td><td>420<\/td><td>2 351<\/td><td>1 086<\/td><\/tr><\/tbody><\/table><\/div><\/figure>\n\n\n\n<div style=\"height:20px\" aria-hidden=\"true\" class=\"wp-block-spacer\"><\/div>\n\n\n\n<p>Autom\u00fc\u00fcgi tarkvara ettev\u00f5tte\u00a0Modera\u00a0pakub tehnoloogilist platvormi, mille kaudu \u00fchendatakse autotootjad, maaletooja, edasim\u00fc\u00fcjad ja kliendid.\u00a0Modera\u00a0s\u00fcsteemi kaudu on eri riikides m\u00fc\u00fcdud \u00fcle 80 000 s\u00f5iduki, mille tehingute rahaline v\u00e4\u00e4rtus ulatub pea 3 miljardi euroni. Eestis on ettev\u00f5te saavutanud 60 protsendilise turuosa. Praeguseks saab\u00a0Modera\u00a0jooksvat tarkvara renditulu 14 riigist.<\/p>\n\n\n\n<p>Modera&nbsp;tooteid kasutavad Toyota, Volkswagen, Renault, BMW, Mini, Ford, Nissan, Kia, Fiat, Jaguar, Land Rover, Jeep, Volvo, BYD, Mazda ning Mercedes-Benzi maaletoojad ja edasim\u00fc\u00fcjad.<\/p>\n\n\n\n<div style=\"height:20px\" aria-hidden=\"true\" class=\"wp-block-spacer\"><\/div>\n\n\n\n<p>Lisainformatsiooni saamiseks palume kontakteeruda:<\/p>\n\n\n\n<p><a href=\"https:\/\/ee.linkedin.com\/in\/janek-prummel\" target=\"_blank\" rel=\"noreferrer noopener\">Janek Pr\u00fcmmel<\/a><br>Aktsiaselts\u00a0Modera<br>Juhatuse liige<br>Tel: +372 55 111 00<\/p>\n\n\n\n<p>E-mail:&nbsp;<a href=\"mailto:janek.prummel@modera.com\" target=\"_blank\" rel=\"noreferrer noopener\">janek.prummel@modera.com<\/a><\/p>\n\n\n\n<div style=\"height:20px\" aria-hidden=\"true\" class=\"wp-block-spacer\"><\/div>\n\n\n\n<p>Originaaluudis <a href=\"https:\/\/view.news.eu.nasdaq.com\/view?id=b34194aa4d5b2a20e453c58686497de3f&amp;lang=et&amp;src=listed\">siin<\/a><\/p>\n","protected":false},"excerpt":{"rendered":"<p>2025. aasta esimene kvartal on olnud Moderal edukas. Kvartali m\u00fc\u00fcgitulu oli 814 tuhat eurot, 25% kasv v\u00f5rreldes 2024. aasta esimese kvartaliga. Sellest jooksvad tagatud tulud olid 386 tuhat eurot, mis&hellip;<\/p>\n","protected":false},"author":2,"featured_media":20442,"comment_status":"open","ping_status":"open","sticky":false,"template":"","format":"standard","meta":{"_lmt_disableupdate":"","_lmt_disable":"","footnotes":""},"categories":[92],"tags":[],"class_list":["post-22325","post","type-post","status-publish","format-standard","has-post-thumbnail","hentry","category-borsiteated"],"yoast_head":"<!-- This site is optimized with the Yoast SEO Premium plugin v26.6 (Yoast SEO v27.3) - https:\/\/yoast.com\/product\/yoast-seo-premium-wordpress\/ -->\n<title>Modera\u00a0tugevad 1. kvartali m\u00fc\u00fcgitulemused ning 2025 ja 2026 plaanide uuendus - Modera<\/title>\n<meta name=\"robots\" content=\"index, follow, max-snippet:-1, max-image-preview:large, max-video-preview:-1\" \/>\n<link rel=\"canonical\" href=\"https:\/\/modera.com\/et\/automotive\/modera-tugevad-1-kvartali-muugitulemused-ning-2025-ja-2026-plaanide-uuendus\/\" \/>\n<meta property=\"og:locale\" content=\"et_EE\" \/>\n<meta property=\"og:type\" content=\"article\" \/>\n<meta property=\"og:title\" content=\"Modera\u00a0tugevad 1. kvartali m\u00fc\u00fcgitulemused ning 2025 ja 2026 plaanide uuendus\" \/>\n<meta property=\"og:description\" content=\"2025. aasta esimene kvartal on olnud Moderal edukas. Kvartali m\u00fc\u00fcgitulu oli 814 tuhat eurot, 25% kasv v\u00f5rreldes 2024. aasta esimese kvartaliga. Sellest jooksvad tagatud tulud olid 386 tuhat eurot, mis&hellip;\" \/>\n<meta property=\"og:url\" content=\"https:\/\/modera.com\/et\/automotive\/modera-tugevad-1-kvartali-muugitulemused-ning-2025-ja-2026-plaanide-uuendus\/\" \/>\n<meta property=\"og:site_name\" content=\"Modera\" \/>\n<meta property=\"article:publisher\" content=\"https:\/\/www.facebook.com\/moderasoft\" \/>\n<meta property=\"article:published_time\" content=\"2025-04-16T08:29:30+00:00\" \/>\n<meta property=\"article:modified_time\" content=\"2025-04-16T08:31:07+00:00\" \/>\n<meta property=\"og:image\" content=\"https:\/\/modera.com\/wp-content\/uploads\/2024\/02\/modera-bg-2-31.png\" \/>\n\t<meta property=\"og:image:width\" content=\"180\" \/>\n\t<meta property=\"og:image:height\" content=\"180\" \/>\n\t<meta property=\"og:image:type\" content=\"image\/png\" \/>\n<meta name=\"author\" content=\"Modera\" \/>\n<meta name=\"twitter:card\" content=\"summary_large_image\" \/>\n<meta name=\"twitter:label1\" content=\"Written by\" \/>\n\t<meta name=\"twitter:data1\" content=\"Modera\" \/>\n\t<meta name=\"twitter:label2\" content=\"Est. reading time\" \/>\n\t<meta name=\"twitter:data2\" content=\"3 minutit\" \/>\n<script type=\"application\/ld+json\" class=\"yoast-schema-graph\">{\"@context\":\"https:\\\/\\\/schema.org\",\"@graph\":[{\"@type\":\"Article\",\"@id\":\"https:\\\/\\\/modera.com\\\/et\\\/automotive\\\/modera-tugevad-1-kvartali-muugitulemused-ning-2025-ja-2026-plaanide-uuendus\\\/#article\",\"isPartOf\":{\"@id\":\"https:\\\/\\\/modera.com\\\/et\\\/automotive\\\/modera-tugevad-1-kvartali-muugitulemused-ning-2025-ja-2026-plaanide-uuendus\\\/\"},\"author\":{\"name\":\"Modera\",\"@id\":\"https:\\\/\\\/modera.com\\\/et\\\/#\\\/schema\\\/person\\\/78a9f0a9bc9b6c8eed87f4c9ef891478\"},\"headline\":\"Modera\u00a0tugevad 1. kvartali m\u00fc\u00fcgitulemused ning 2025 ja 2026 plaanide uuendus\",\"datePublished\":\"2025-04-16T08:29:30+00:00\",\"dateModified\":\"2025-04-16T08:31:07+00:00\",\"mainEntityOfPage\":{\"@id\":\"https:\\\/\\\/modera.com\\\/et\\\/automotive\\\/modera-tugevad-1-kvartali-muugitulemused-ning-2025-ja-2026-plaanide-uuendus\\\/\"},\"wordCount\":460,\"commentCount\":0,\"publisher\":{\"@id\":\"https:\\\/\\\/modera.com\\\/et\\\/#organization\"},\"image\":{\"@id\":\"https:\\\/\\\/modera.com\\\/et\\\/automotive\\\/modera-tugevad-1-kvartali-muugitulemused-ning-2025-ja-2026-plaanide-uuendus\\\/#primaryimage\"},\"thumbnailUrl\":\"https:\\\/\\\/modera.com\\\/wp-content\\\/uploads\\\/2024\\\/02\\\/modera-bg-2-31.png\",\"articleSection\":[\"B\u00f6rsiteated\"],\"inLanguage\":\"et\",\"potentialAction\":[{\"@type\":\"CommentAction\",\"name\":\"Comment\",\"target\":[\"https:\\\/\\\/modera.com\\\/et\\\/automotive\\\/modera-tugevad-1-kvartali-muugitulemused-ning-2025-ja-2026-plaanide-uuendus\\\/#respond\"]}]},{\"@type\":\"WebPage\",\"@id\":\"https:\\\/\\\/modera.com\\\/et\\\/automotive\\\/modera-tugevad-1-kvartali-muugitulemused-ning-2025-ja-2026-plaanide-uuendus\\\/\",\"url\":\"https:\\\/\\\/modera.com\\\/et\\\/automotive\\\/modera-tugevad-1-kvartali-muugitulemused-ning-2025-ja-2026-plaanide-uuendus\\\/\",\"name\":\"Modera\u00a0tugevad 1. kvartali m\u00fc\u00fcgitulemused ning 2025 ja 2026 plaanide uuendus - Modera\",\"isPartOf\":{\"@id\":\"https:\\\/\\\/modera.com\\\/et\\\/#website\"},\"primaryImageOfPage\":{\"@id\":\"https:\\\/\\\/modera.com\\\/et\\\/automotive\\\/modera-tugevad-1-kvartali-muugitulemused-ning-2025-ja-2026-plaanide-uuendus\\\/#primaryimage\"},\"image\":{\"@id\":\"https:\\\/\\\/modera.com\\\/et\\\/automotive\\\/modera-tugevad-1-kvartali-muugitulemused-ning-2025-ja-2026-plaanide-uuendus\\\/#primaryimage\"},\"thumbnailUrl\":\"https:\\\/\\\/modera.com\\\/wp-content\\\/uploads\\\/2024\\\/02\\\/modera-bg-2-31.png\",\"datePublished\":\"2025-04-16T08:29:30+00:00\",\"dateModified\":\"2025-04-16T08:31:07+00:00\",\"breadcrumb\":{\"@id\":\"https:\\\/\\\/modera.com\\\/et\\\/automotive\\\/modera-tugevad-1-kvartali-muugitulemused-ning-2025-ja-2026-plaanide-uuendus\\\/#breadcrumb\"},\"inLanguage\":\"et\",\"potentialAction\":[{\"@type\":\"ReadAction\",\"target\":[\"https:\\\/\\\/modera.com\\\/et\\\/automotive\\\/modera-tugevad-1-kvartali-muugitulemused-ning-2025-ja-2026-plaanide-uuendus\\\/\"]}]},{\"@type\":\"ImageObject\",\"inLanguage\":\"et\",\"@id\":\"https:\\\/\\\/modera.com\\\/et\\\/automotive\\\/modera-tugevad-1-kvartali-muugitulemused-ning-2025-ja-2026-plaanide-uuendus\\\/#primaryimage\",\"url\":\"https:\\\/\\\/modera.com\\\/wp-content\\\/uploads\\\/2024\\\/02\\\/modera-bg-2-31.png\",\"contentUrl\":\"https:\\\/\\\/modera.com\\\/wp-content\\\/uploads\\\/2024\\\/02\\\/modera-bg-2-31.png\",\"width\":180,\"height\":180,\"caption\":\"b\u00f6rsiteade\"},{\"@type\":\"BreadcrumbList\",\"@id\":\"https:\\\/\\\/modera.com\\\/et\\\/automotive\\\/modera-tugevad-1-kvartali-muugitulemused-ning-2025-ja-2026-plaanide-uuendus\\\/#breadcrumb\",\"itemListElement\":[{\"@type\":\"ListItem\",\"position\":1,\"name\":\"Home\",\"item\":\"https:\\\/\\\/modera.com\\\/et\\\/\"},{\"@type\":\"ListItem\",\"position\":2,\"name\":\"Modera\u00a0tugevad 1. kvartali m\u00fc\u00fcgitulemused ning 2025 ja 2026 plaanide uuendus\"}]},{\"@type\":\"WebSite\",\"@id\":\"https:\\\/\\\/modera.com\\\/et\\\/#website\",\"url\":\"https:\\\/\\\/modera.com\\\/et\\\/\",\"name\":\"Modera\",\"description\":\"Car sales made simple\",\"publisher\":{\"@id\":\"https:\\\/\\\/modera.com\\\/et\\\/#organization\"},\"potentialAction\":[{\"@type\":\"SearchAction\",\"target\":{\"@type\":\"EntryPoint\",\"urlTemplate\":\"https:\\\/\\\/modera.com\\\/et\\\/?s={search_term_string}\"},\"query-input\":{\"@type\":\"PropertyValueSpecification\",\"valueRequired\":true,\"valueName\":\"search_term_string\"}}],\"inLanguage\":\"et\"},{\"@type\":[\"Organization\",\"Place\"],\"@id\":\"https:\\\/\\\/modera.com\\\/et\\\/#organization\",\"name\":\"Modera Ltd.\",\"alternateName\":\"Aktsiaselts Modera\",\"url\":\"https:\\\/\\\/modera.com\\\/et\\\/\",\"logo\":{\"@id\":\"https:\\\/\\\/modera.com\\\/et\\\/automotive\\\/modera-tugevad-1-kvartali-muugitulemused-ning-2025-ja-2026-plaanide-uuendus\\\/#local-main-organization-logo\"},\"image\":{\"@id\":\"https:\\\/\\\/modera.com\\\/et\\\/automotive\\\/modera-tugevad-1-kvartali-muugitulemused-ning-2025-ja-2026-plaanide-uuendus\\\/#local-main-organization-logo\"},\"sameAs\":[\"https:\\\/\\\/www.facebook.com\\\/moderasoft\",\"https:\\\/\\\/linkedin.com\\\/company\\\/modera-automotive\"],\"description\":\"Modera helps automotive manufacturers, importers, and dealer networks modernise how they sell, communicate, and grow. Our AI-driven platform connects every part of the sales ecosystem \u2014 from lead to delivery \u2014 enabling faster sales, smarter decisions, and seamless customer experiences across online and in-store channels.\",\"legalName\":\"Aktsiaselts Modera\",\"foundingDate\":\"2007-04-27\",\"duns\":\"565452886\",\"numberOfEmployees\":{\"@type\":\"QuantitativeValue\",\"minValue\":\"11\",\"maxValue\":\"50\"},\"address\":{\"@id\":\"https:\\\/\\\/modera.com\\\/et\\\/automotive\\\/modera-tugevad-1-kvartali-muugitulemused-ning-2025-ja-2026-plaanide-uuendus\\\/#local-main-place-address\"},\"geo\":{\"@type\":\"GeoCoordinates\",\"latitude\":\"59.42723790071567\",\"longitude\":\"24.65569993969669\"},\"telephone\":[\"+3726505500\"],\"contactPoint\":{\"@type\":\"ContactPoint\",\"email\":\"sales@modera.com\"},\"openingHoursSpecification\":[{\"@type\":\"OpeningHoursSpecification\",\"dayOfWeek\":[\"Monday\",\"Tuesday\",\"Wednesday\",\"Thursday\",\"Friday\"],\"opens\":\"09:00\",\"closes\":\"17:00\"},{\"@type\":\"OpeningHoursSpecification\",\"dayOfWeek\":[\"Saturday\",\"Sunday\"],\"opens\":\"00:00\",\"closes\":\"00:00\"}],\"email\":\"info@modera.com\",\"areaServed\":\"Whole world\",\"vatID\":\"EE101257613\"},{\"@type\":\"Person\",\"@id\":\"https:\\\/\\\/modera.com\\\/et\\\/#\\\/schema\\\/person\\\/78a9f0a9bc9b6c8eed87f4c9ef891478\",\"name\":\"Modera\",\"image\":{\"@type\":\"ImageObject\",\"inLanguage\":\"et\",\"@id\":\"https:\\\/\\\/secure.gravatar.com\\\/avatar\\\/2e23b57a476046d7856ecc304b198f89ad52c7502d89ea26006194489c55c93d?s=96&d=mm&r=g\",\"url\":\"https:\\\/\\\/secure.gravatar.com\\\/avatar\\\/2e23b57a476046d7856ecc304b198f89ad52c7502d89ea26006194489c55c93d?s=96&d=mm&r=g\",\"contentUrl\":\"https:\\\/\\\/secure.gravatar.com\\\/avatar\\\/2e23b57a476046d7856ecc304b198f89ad52c7502d89ea26006194489c55c93d?s=96&d=mm&r=g\",\"caption\":\"Modera\"},\"url\":\"https:\\\/\\\/modera.com\\\/et\\\/automotive\\\/author\\\/modera\\\/\"},{\"@type\":\"PostalAddress\",\"@id\":\"https:\\\/\\\/modera.com\\\/et\\\/automotive\\\/modera-tugevad-1-kvartali-muugitulemused-ning-2025-ja-2026-plaanide-uuendus\\\/#local-main-place-address\",\"streetAddress\":\"M\u00f5isa tn 4\",\"addressLocality\":\"Tallinn\",\"postalCode\":\"13522\",\"addressRegion\":\"Harjumaa\",\"addressCountry\":\"EE\"},{\"@type\":\"ImageObject\",\"inLanguage\":\"et\",\"@id\":\"https:\\\/\\\/modera.com\\\/et\\\/automotive\\\/modera-tugevad-1-kvartali-muugitulemused-ning-2025-ja-2026-plaanide-uuendus\\\/#local-main-organization-logo\",\"url\":\"https:\\\/\\\/modera.com\\\/wp-content\\\/uploads\\\/2025\\\/12\\\/Modera-logo-square-hq.png\",\"contentUrl\":\"https:\\\/\\\/modera.com\\\/wp-content\\\/uploads\\\/2025\\\/12\\\/Modera-logo-square-hq.png\",\"width\":540,\"height\":540,\"caption\":\"Modera Ltd.\"}]}<\/script>\n<meta name=\"geo.placename\" content=\"Tallinn\" \/>\n<meta name=\"geo.position\" content=\"59.42723790071567;24.65569993969669\" \/>\n<meta name=\"geo.region\" content=\"Estonia\" \/>\n<!-- \/ Yoast SEO Premium plugin. -->","yoast_head_json":{"title":"Modera\u00a0tugevad 1. kvartali m\u00fc\u00fcgitulemused ning 2025 ja 2026 plaanide uuendus - Modera","robots":{"index":"index","follow":"follow","max-snippet":"max-snippet:-1","max-image-preview":"max-image-preview:large","max-video-preview":"max-video-preview:-1"},"canonical":"https:\/\/modera.com\/et\/automotive\/modera-tugevad-1-kvartali-muugitulemused-ning-2025-ja-2026-plaanide-uuendus\/","og_locale":"et_EE","og_type":"article","og_title":"Modera\u00a0tugevad 1. kvartali m\u00fc\u00fcgitulemused ning 2025 ja 2026 plaanide uuendus","og_description":"2025. aasta esimene kvartal on olnud Moderal edukas. Kvartali m\u00fc\u00fcgitulu oli 814 tuhat eurot, 25% kasv v\u00f5rreldes 2024. aasta esimese kvartaliga. Sellest jooksvad tagatud tulud olid 386 tuhat eurot, mis&hellip;","og_url":"https:\/\/modera.com\/et\/automotive\/modera-tugevad-1-kvartali-muugitulemused-ning-2025-ja-2026-plaanide-uuendus\/","og_site_name":"Modera","article_publisher":"https:\/\/www.facebook.com\/moderasoft","article_published_time":"2025-04-16T08:29:30+00:00","article_modified_time":"2025-04-16T08:31:07+00:00","og_image":[{"width":180,"height":180,"url":"https:\/\/modera.com\/wp-content\/uploads\/2024\/02\/modera-bg-2-31.png","type":"image\/png"}],"author":"Modera","twitter_card":"summary_large_image","twitter_misc":{"Written by":"Modera","Est. reading time":"3 minutit"},"schema":{"@context":"https:\/\/schema.org","@graph":[{"@type":"Article","@id":"https:\/\/modera.com\/et\/automotive\/modera-tugevad-1-kvartali-muugitulemused-ning-2025-ja-2026-plaanide-uuendus\/#article","isPartOf":{"@id":"https:\/\/modera.com\/et\/automotive\/modera-tugevad-1-kvartali-muugitulemused-ning-2025-ja-2026-plaanide-uuendus\/"},"author":{"name":"Modera","@id":"https:\/\/modera.com\/et\/#\/schema\/person\/78a9f0a9bc9b6c8eed87f4c9ef891478"},"headline":"Modera\u00a0tugevad 1. kvartali m\u00fc\u00fcgitulemused ning 2025 ja 2026 plaanide uuendus","datePublished":"2025-04-16T08:29:30+00:00","dateModified":"2025-04-16T08:31:07+00:00","mainEntityOfPage":{"@id":"https:\/\/modera.com\/et\/automotive\/modera-tugevad-1-kvartali-muugitulemused-ning-2025-ja-2026-plaanide-uuendus\/"},"wordCount":460,"commentCount":0,"publisher":{"@id":"https:\/\/modera.com\/et\/#organization"},"image":{"@id":"https:\/\/modera.com\/et\/automotive\/modera-tugevad-1-kvartali-muugitulemused-ning-2025-ja-2026-plaanide-uuendus\/#primaryimage"},"thumbnailUrl":"https:\/\/modera.com\/wp-content\/uploads\/2024\/02\/modera-bg-2-31.png","articleSection":["B\u00f6rsiteated"],"inLanguage":"et","potentialAction":[{"@type":"CommentAction","name":"Comment","target":["https:\/\/modera.com\/et\/automotive\/modera-tugevad-1-kvartali-muugitulemused-ning-2025-ja-2026-plaanide-uuendus\/#respond"]}]},{"@type":"WebPage","@id":"https:\/\/modera.com\/et\/automotive\/modera-tugevad-1-kvartali-muugitulemused-ning-2025-ja-2026-plaanide-uuendus\/","url":"https:\/\/modera.com\/et\/automotive\/modera-tugevad-1-kvartali-muugitulemused-ning-2025-ja-2026-plaanide-uuendus\/","name":"Modera\u00a0tugevad 1. kvartali m\u00fc\u00fcgitulemused ning 2025 ja 2026 plaanide uuendus - Modera","isPartOf":{"@id":"https:\/\/modera.com\/et\/#website"},"primaryImageOfPage":{"@id":"https:\/\/modera.com\/et\/automotive\/modera-tugevad-1-kvartali-muugitulemused-ning-2025-ja-2026-plaanide-uuendus\/#primaryimage"},"image":{"@id":"https:\/\/modera.com\/et\/automotive\/modera-tugevad-1-kvartali-muugitulemused-ning-2025-ja-2026-plaanide-uuendus\/#primaryimage"},"thumbnailUrl":"https:\/\/modera.com\/wp-content\/uploads\/2024\/02\/modera-bg-2-31.png","datePublished":"2025-04-16T08:29:30+00:00","dateModified":"2025-04-16T08:31:07+00:00","breadcrumb":{"@id":"https:\/\/modera.com\/et\/automotive\/modera-tugevad-1-kvartali-muugitulemused-ning-2025-ja-2026-plaanide-uuendus\/#breadcrumb"},"inLanguage":"et","potentialAction":[{"@type":"ReadAction","target":["https:\/\/modera.com\/et\/automotive\/modera-tugevad-1-kvartali-muugitulemused-ning-2025-ja-2026-plaanide-uuendus\/"]}]},{"@type":"ImageObject","inLanguage":"et","@id":"https:\/\/modera.com\/et\/automotive\/modera-tugevad-1-kvartali-muugitulemused-ning-2025-ja-2026-plaanide-uuendus\/#primaryimage","url":"https:\/\/modera.com\/wp-content\/uploads\/2024\/02\/modera-bg-2-31.png","contentUrl":"https:\/\/modera.com\/wp-content\/uploads\/2024\/02\/modera-bg-2-31.png","width":180,"height":180,"caption":"b\u00f6rsiteade"},{"@type":"BreadcrumbList","@id":"https:\/\/modera.com\/et\/automotive\/modera-tugevad-1-kvartali-muugitulemused-ning-2025-ja-2026-plaanide-uuendus\/#breadcrumb","itemListElement":[{"@type":"ListItem","position":1,"name":"Home","item":"https:\/\/modera.com\/et\/"},{"@type":"ListItem","position":2,"name":"Modera\u00a0tugevad 1. kvartali m\u00fc\u00fcgitulemused ning 2025 ja 2026 plaanide uuendus"}]},{"@type":"WebSite","@id":"https:\/\/modera.com\/et\/#website","url":"https:\/\/modera.com\/et\/","name":"Modera","description":"Car sales made simple","publisher":{"@id":"https:\/\/modera.com\/et\/#organization"},"potentialAction":[{"@type":"SearchAction","target":{"@type":"EntryPoint","urlTemplate":"https:\/\/modera.com\/et\/?s={search_term_string}"},"query-input":{"@type":"PropertyValueSpecification","valueRequired":true,"valueName":"search_term_string"}}],"inLanguage":"et"},{"@type":["Organization","Place"],"@id":"https:\/\/modera.com\/et\/#organization","name":"Modera Ltd.","alternateName":"Aktsiaselts Modera","url":"https:\/\/modera.com\/et\/","logo":{"@id":"https:\/\/modera.com\/et\/automotive\/modera-tugevad-1-kvartali-muugitulemused-ning-2025-ja-2026-plaanide-uuendus\/#local-main-organization-logo"},"image":{"@id":"https:\/\/modera.com\/et\/automotive\/modera-tugevad-1-kvartali-muugitulemused-ning-2025-ja-2026-plaanide-uuendus\/#local-main-organization-logo"},"sameAs":["https:\/\/www.facebook.com\/moderasoft","https:\/\/linkedin.com\/company\/modera-automotive"],"description":"Modera helps automotive manufacturers, importers, and dealer networks modernise how they sell, communicate, and grow. Our AI-driven platform connects every part of the sales ecosystem \u2014 from lead to delivery \u2014 enabling faster sales, smarter decisions, and seamless customer experiences across online and in-store channels.","legalName":"Aktsiaselts Modera","foundingDate":"2007-04-27","duns":"565452886","numberOfEmployees":{"@type":"QuantitativeValue","minValue":"11","maxValue":"50"},"address":{"@id":"https:\/\/modera.com\/et\/automotive\/modera-tugevad-1-kvartali-muugitulemused-ning-2025-ja-2026-plaanide-uuendus\/#local-main-place-address"},"geo":{"@type":"GeoCoordinates","latitude":"59.42723790071567","longitude":"24.65569993969669"},"telephone":["+3726505500"],"contactPoint":{"@type":"ContactPoint","email":"sales@modera.com"},"openingHoursSpecification":[{"@type":"OpeningHoursSpecification","dayOfWeek":["Monday","Tuesday","Wednesday","Thursday","Friday"],"opens":"09:00","closes":"17:00"},{"@type":"OpeningHoursSpecification","dayOfWeek":["Saturday","Sunday"],"opens":"00:00","closes":"00:00"}],"email":"info@modera.com","areaServed":"Whole world","vatID":"EE101257613"},{"@type":"Person","@id":"https:\/\/modera.com\/et\/#\/schema\/person\/78a9f0a9bc9b6c8eed87f4c9ef891478","name":"Modera","image":{"@type":"ImageObject","inLanguage":"et","@id":"https:\/\/secure.gravatar.com\/avatar\/2e23b57a476046d7856ecc304b198f89ad52c7502d89ea26006194489c55c93d?s=96&d=mm&r=g","url":"https:\/\/secure.gravatar.com\/avatar\/2e23b57a476046d7856ecc304b198f89ad52c7502d89ea26006194489c55c93d?s=96&d=mm&r=g","contentUrl":"https:\/\/secure.gravatar.com\/avatar\/2e23b57a476046d7856ecc304b198f89ad52c7502d89ea26006194489c55c93d?s=96&d=mm&r=g","caption":"Modera"},"url":"https:\/\/modera.com\/et\/automotive\/author\/modera\/"},{"@type":"PostalAddress","@id":"https:\/\/modera.com\/et\/automotive\/modera-tugevad-1-kvartali-muugitulemused-ning-2025-ja-2026-plaanide-uuendus\/#local-main-place-address","streetAddress":"M\u00f5isa tn 4","addressLocality":"Tallinn","postalCode":"13522","addressRegion":"Harjumaa","addressCountry":"EE"},{"@type":"ImageObject","inLanguage":"et","@id":"https:\/\/modera.com\/et\/automotive\/modera-tugevad-1-kvartali-muugitulemused-ning-2025-ja-2026-plaanide-uuendus\/#local-main-organization-logo","url":"https:\/\/modera.com\/wp-content\/uploads\/2025\/12\/Modera-logo-square-hq.png","contentUrl":"https:\/\/modera.com\/wp-content\/uploads\/2025\/12\/Modera-logo-square-hq.png","width":540,"height":540,"caption":"Modera Ltd."}]},"geo.placename":"Tallinn","geo.position":{"lat":"59.42723790071567","long":"24.65569993969669"},"geo.region":"Estonia"},"_links":{"self":[{"href":"https:\/\/modera.com\/et\/wp-json\/wp\/v2\/posts\/22325","targetHints":{"allow":["GET"]}}],"collection":[{"href":"https:\/\/modera.com\/et\/wp-json\/wp\/v2\/posts"}],"about":[{"href":"https:\/\/modera.com\/et\/wp-json\/wp\/v2\/types\/post"}],"author":[{"embeddable":true,"href":"https:\/\/modera.com\/et\/wp-json\/wp\/v2\/users\/2"}],"replies":[{"embeddable":true,"href":"https:\/\/modera.com\/et\/wp-json\/wp\/v2\/comments?post=22325"}],"version-history":[{"count":3,"href":"https:\/\/modera.com\/et\/wp-json\/wp\/v2\/posts\/22325\/revisions"}],"predecessor-version":[{"id":22329,"href":"https:\/\/modera.com\/et\/wp-json\/wp\/v2\/posts\/22325\/revisions\/22329"}],"wp:featuredmedia":[{"embeddable":true,"href":"https:\/\/modera.com\/et\/wp-json\/wp\/v2\/media\/20442"}],"wp:attachment":[{"href":"https:\/\/modera.com\/et\/wp-json\/wp\/v2\/media?parent=22325"}],"wp:term":[{"taxonomy":"category","embeddable":true,"href":"https:\/\/modera.com\/et\/wp-json\/wp\/v2\/categories?post=22325"},{"taxonomy":"post_tag","embeddable":true,"href":"https:\/\/modera.com\/et\/wp-json\/wp\/v2\/tags?post=22325"}],"curies":[{"name":"wp","href":"https:\/\/api.w.org\/{rel}","templated":true}]}}