{"id":22252,"date":"2025-03-07T16:10:51","date_gmt":"2025-03-07T14:10:51","guid":{"rendered":"https:\/\/modera.com\/?p=22252"},"modified":"2025-03-07T16:10:54","modified_gmt":"2025-03-07T14:10:54","slug":"modera-as-2024-aasta-ii-poolaasta-ja-12-kuu-auditeerimata-vahearuanne","status":"publish","type":"post","link":"https:\/\/modera.com\/et\/automotive\/modera-as-2024-aasta-ii-poolaasta-ja-12-kuu-auditeerimata-vahearuanne\/","title":{"rendered":"MODERA\u00a0AS 2024. aasta II poolaasta ja 12 kuu auditeerimata vahearuanne"},"content":{"rendered":"\n<h3 class=\"wp-block-heading\" id=\"h-modera-as-2024-aasta-ii-poolaasta-ja-12-kuu-auditeerimata-vahearuanne\">MODERA\u00a0AS 2024. aasta II poolaasta ja 12 kuu auditeerimata vahearuanne<\/h3>\n\n\n\n<div style=\"height:20px\" aria-hidden=\"true\" class=\"wp-block-spacer\"><\/div>\n\n\n\n<ul class=\"wp-block-list\">\n<li><strong>2024. aasta jooksvad tagatud tulud (recurring revenue) kasvasid 1,36 miljoni euroni &#8211; 59%-ne kasv v\u00f5rreldes varasema aastaga<\/strong><\/li>\n\n\n\n<li><strong>Teisel poolaastal edasil\u00fckkunud projektide t\u00f5ttu j\u00e4id tulud kokku oluliselt alla prognoositud tuludele (572 tuhat eurot, 22%)<\/strong><\/li>\n\n\n\n<li><strong>Tulude erinevuse t\u00f5ttu j\u00e4i saavutamata ka oodatud kasum ning teeniti kahjumit (erinevus prognoosiga 558 tuhat eurot)<\/strong><\/li>\n\n\n\n<li><strong>Viimase kolme aasta keskmine iga-aastane tulude kasv on 24%<\/strong><\/li>\n\n\n\n<li><strong>Klientide ebakindlus aastal 2024 oli ajutine ning aastal 2025 on n\u00e4ha tellimuste taastumist ning tulude j\u00e4tkuvat kasvu<\/strong><\/li>\n<\/ul>\n\n\n\n<div style=\"height:20px\" aria-hidden=\"true\" class=\"wp-block-spacer\"><\/div>\n\n\n\n<p>Modera\u00a0jooksvad tagatud tulud (MRR) kasvasid 60%. Kuna ebakindlus majanduses ja sektoris oli sel aastal suur, siis mitmed oodatud projektid l\u00fckkusid edasi ning arendustegevusega seotud tuludes ei tulnud oodatud kasvu. Ettev\u00f5tte kahjum suurenes, kuna tulud kokku p\u00fcsisid eelmise aastaga sarnasel tasemel, kuid kulud suurenesid veidi. Aasta l\u00f5pus oli n\u00e4ha taastumise m\u00e4rke ning edasise m\u00fc\u00fcgi v\u00e4ljavaated on head.<\/p>\n\n\n\n<div style=\"height:20px\" aria-hidden=\"true\" class=\"wp-block-spacer\"><\/div>\n\n\n\n<p>Suurimaks saavutuseks oli\u00a0Modera\u00a0s\u00fcsteemi lansseerimine Rootsi turul. Lahendust kasutab Nissan Rootsi kontor ja 43 Nissani agenti, sealhulgas suured diilerigrupid nagu Bilia ja Hedin Bil. Tegu oli pilootprojektiga, kus Moderal oli vaja ennast t\u00f5estada usaldusv\u00e4\u00e4rse partnerina. Projekt \u00f5nnestus ja anti \u00fcle \u00f5igeagselt. Koost\u00f6\u00f6 Nissan Motors Europe ja Nissan Nordic Europe\u2019ga oli sujuv ning on loodud pinnas projekti laiendamisele uutesse regioonidesse.<\/p>\n\n\n\n<div style=\"height:20px\" aria-hidden=\"true\" class=\"wp-block-spacer\"><\/div>\n\n\n\n<p>Aasta viimases kvartalis liitus\u00a0Modera\u00a0meeskonnaga Staffan Johansson. 20-aastase rahvusvahelise autom\u00fc\u00fcgi kogemusega Johansson\u2019i kogemuste pagasisse kuulub n\u00e4iteks Nissan Motors Balti- ja P\u00f5hja-Euroopa regiooni juhtimine. Viimase kolme aasta jooksul on ta tegelenud BMW, Nissani ja Honda koolitamisega ning olnud Alfa Romeo, Fiati ja Jeepi br\u00e4ndijuht Skandinaavias.\u00a0Modera\u00a0positsiooni tugevdamiseks P\u00f5hjamaades on see oluline samm, kuna v\u00f5imaldab l\u00fchendada m\u00fc\u00fcgits\u00fcklit, mis suurtele ettev\u00f5tetele m\u00fc\u00fces v\u00f5ib olla v\u00e4ga pikk.<\/p>\n\n\n\n<div style=\"height:40px\" aria-hidden=\"true\" class=\"wp-block-spacer\"><\/div>\n\n\n\n<h2 class=\"wp-block-heading\" id=\"h-tulemuste-vordlus-prognoosiga\"><strong>Tulemuste v\u00f5rdlus prognoosiga<\/strong>\u00a0<\/h2>\n\n\n\n<div style=\"height:20px\" aria-hidden=\"true\" class=\"wp-block-spacer\"><\/div>\n\n\n\n\n\n<figure class=\"wp-block-table\"><div class=\"pcrstb-wrap\"><table class=\"has-fixed-layout\"><tbody><tr><td>Tuhat EUR<\/td><td>Prognoos<\/td><td>Tegelik<\/td><td>Erinevus<\/td><\/tr><tr><td>Tulu kokku<\/td><td>2 607<\/td><td>2 035<\/td><td>-572<\/td><\/tr><tr><td>Kapitaliseeritud v\u00e4ljaminekud oma tarbeks p\u00f5hivarade valmistamisel<\/td><td>1 857<\/td><td>1 598<\/td><td>-259<\/td><\/tr><tr><td>Kasum(-kahjum) enne intresse, makse ja kulumit (EBITDA)<\/td><td>1 431<\/td><td>777<\/td><td>-654<\/td><\/tr><tr><td>Kasum (-kahjum)<\/td><td>143<\/td><td>-415<\/td><td>-558<\/td><\/tr><\/tbody><\/table><\/div><\/figure>\n\n\n\n<div style=\"height:40px\" aria-hidden=\"true\" class=\"wp-block-spacer\"><\/div>\n\n\n\n<h2 class=\"wp-block-heading\" id=\"h-ettevotte-tooteliinidest\"><strong>Ettev\u00f5tte tooteliinidest<\/strong><\/h2>\n\n\n\n<div style=\"height:20px\" aria-hidden=\"true\" class=\"wp-block-spacer\"><\/div>\n\n\n\n<p>\u00dcldistades pakub&nbsp;Modera&nbsp;digitaalseid lahendusi autom\u00fc\u00fcgi ahela haldamiseks:<\/p>\n\n\n\n<ol class=\"wp-block-list\">\n<li>Autom\u00fc\u00fcjate veebilehed<\/li>\n\n\n\n<li>Autom\u00fc\u00fcja m\u00fc\u00fcgi- ja CRM tarkvara<\/li>\n\n\n\n<li>Maaletooja laohaldustarkvara<\/li>\n<\/ol>\n\n\n\n<div style=\"height:20px\" aria-hidden=\"true\" class=\"wp-block-spacer\"><\/div>\n\n\n\n<p>2024. aasta jooksul lisandus k\u00f5ikidesse tootegruppidesse uusi suuremaid ja v\u00e4iksemaid arendusi ja integratsioone, mis muudavad meie toote \u201ckleepuvamaks\u201d ning v\u00f5imaldavad genereerida lisa m\u00fc\u00fcgitulu. Lisaks alustasime oma platvormi kohaldamist viimaks seda vastavusse Norra turu n\u00f5etega.<\/p>\n\n\n\n<div style=\"height:20px\" aria-hidden=\"true\" class=\"wp-block-spacer\"><\/div>\n\n\n\n<p>Uutest toodestest v\u00f5ib esile tuua\u00a0Modera\u00a0BI arendust\u00f6\u00f6riista ja \u201cmulti-brand\u201d diileri veebilehe platvormi. K\u00f5ikidel nimetatud toodetel on olemas ka pilootkliendid ning kasvav n\u00f5udlus.<\/p>\n\n\n\n<div style=\"height:20px\" aria-hidden=\"true\" class=\"wp-block-spacer\"><\/div>\n\n\n\n<p>Kohaliku turu vaatest tasub \u00e4ra mainida integratsioonid uute autoportaalidega autodiiler, veego ja autoportaal. Antud integratsioonid on teinud meie toote atraktiivsemaks kasutatud autode segmendis.<\/p>\n\n\n\n<div style=\"height:40px\" aria-hidden=\"true\" class=\"wp-block-spacer\"><\/div>\n\n\n\n<p><strong>Tegevuskeskkonnast<\/strong><\/p>\n\n\n\n<div style=\"height:20px\" aria-hidden=\"true\" class=\"wp-block-spacer\"><\/div>\n\n\n\n<p>2024 p\u00f5hilised m\u00f5jutegurid majanduses olid intressi langused, j\u00e4tkuv, kuid varasemaga v\u00f5rreldes madalam, inflatsioon ja pigem negatiivne meelestatus v\u00e4ljavaadete osas.<\/p>\n\n\n\n<div style=\"height:20px\" aria-hidden=\"true\" class=\"wp-block-spacer\"><\/div>\n\n\n\n<p>Modera\u00a0tegevuskeskkonnale on endiselt need m\u00f5jud nii positiivsed kui negatiivsed. Positiivne m\u00f5ju on selles, et autom\u00fc\u00fcjad on sunnitud optimeerima oma tegevusi ning\u00a0Modera\u00a0tooted on just selleks loodud. Samas paneb olukord autom\u00fc\u00fcjaid p\u00f5hjalikumalt kaaluma lisainvesteeringuid. Uus m\u00fc\u00fck v\u00f5ib olla m\u00f5jutatud \u00fcldisest majanduslangusest, kui investeeringuid piiratakse. Osa tulust on litsentsitasud ning p\u00fcsivad \u00fcsna stabiilsed ka ka majanduslanguses, sest meie toodetest loobumine t\u00e4hendab pikka protsessi m\u00f5ne konkurendi tootele \u00fcmber minemiseks. Kuid seadistustest ja lisaarendustest saadavat tulu v\u00f5ib majanduslangus piirata k\u00fcll.<\/p>\n\n\n\n<div style=\"height:20px\" aria-hidden=\"true\" class=\"wp-block-spacer\"><\/div>\n\n\n\n<p>N\u00e4eme mitmetel turgudel, kus tegutseme, m\u00f5\u00f5dukat optimismi. Olemasolevad ressursid on t\u00e4ielikult h\u00f5ivatud ning ka l\u00e4hitulevik on t\u00e4is planeeritud.\u00a0<\/p>\n\n\n\n<div style=\"height:40px\" aria-hidden=\"true\" class=\"wp-block-spacer\"><\/div>\n\n\n\n<p><strong>Finantstulemustest<\/strong><\/p>\n\n\n\n<div style=\"height:20px\" aria-hidden=\"true\" class=\"wp-block-spacer\"><\/div>\n\n\n\n<p>Allpool on toodud v\u00e4lja p\u00f5hilised finantsn\u00e4itajad. Ettev\u00f5tte p\u00f5hiline eesm\u00e4rk on kasvatada jooksvaid tagatud tulusid (MRR, litsentsid ja korduvad teenustasud). See aasta on n\u00e4ha olulist h\u00fcpet sellel real. Suurim osa kasvust tuli Nissanilt, kellele juurutati\u00a0Modera\u00a0lahendused pilootprojektina \u00fches riigis.<\/p>\n\n\n\n<div style=\"height:20px\" aria-hidden=\"true\" class=\"wp-block-spacer\"><\/div>\n\n\n\n<p>Eelmistel aastatel oli suur kogutulu kasv antud tootja arendustasude tuludest. Sel aastal uusi selliseid arendusi ei m\u00fc\u00fcdud ja meeskonda ka ei suurendatud seet\u00f5ttu. Edasise MRRi kasvu plaanib ettev\u00f5tte teha proportsionaalselt meeskonda suurendamata, mis n\u00e4itab ettev\u00f5tte skaleeritavust.<\/p>\n\n\n\n<div style=\"height:20px\" aria-hidden=\"true\" class=\"wp-block-spacer\"><\/div>\n\n\n\n<p>K\u00f5ige suurem osa ettev\u00f5tte tegevusest on endiselt arendustegevus, mida kapitaliseeritakse. Ettev\u00f5tte vaba rahavoog (free cash flow) on seet\u00f5ttu negatiivne ning ettev\u00f5tte v\u00e4\u00e4rtus seisneb tulevikus teenitavate litsentsitasude potentsiaalis. Klientide eluiga on pikk ja potentsiaal m\u00fc\u00fca toodet edukalt paljudel turgudel on k\u00f5rge.<\/p>\n\n\n\n<div style=\"height:20px\" aria-hidden=\"true\" class=\"wp-block-spacer\"><\/div>\n\n\n\n<p>Modera\u00a0eesm\u00e4rk finantsriskide maandamisel on hoida bilansis ainult \u00e4ritegevuse ja finantseerimisega seotud finantsinstrumente (raha, t\u00e4htajalised deposiidid, n\u00f5uded klientidele, investeeringud t\u00fctarettev\u00f5ttesse, kohustused tarnijatele ja laenukohustused).<\/p>\n\n\n\n<div style=\"height:20px\" aria-hidden=\"true\" class=\"wp-block-spacer\"><\/div>\n\n\n\n<p>N\u00f5uete puhul j\u00e4lgitakse n\u00f5uete aegumist. Laenukohustuste puhul j\u00e4lgitakse v\u00f5la kattekordajat (<em>debt service coverage ratio<\/em>). Intressim\u00e4\u00e4ra muutustel ei ole edaspidi m\u00f5ju, kuna aastal\u00f5pu seisuga on k\u00f5ik intressim\u00e4\u00e4rad fikseeritud. Valuutakursside k\u00f5ikumisel on ebaoluline m\u00f5ju, kuna \u00fcle 99% m\u00fc\u00fcki ja ligikaudu 90% tegevuskuludest on eurodes. B\u00f6rsikursside muutumise m\u00f5ju puudub.<\/p>\n\n\n\n<div style=\"height:20px\" aria-hidden=\"true\" class=\"wp-block-spacer\"><\/div>\n\n\n\n<figure class=\"wp-block-table\"><div class=\"pcrstb-wrap\"><table class=\"has-fixed-layout\"><tbody><tr><td><strong>eurodes<\/strong><\/td><td><strong>2024<br>II poolaasta<\/strong><\/td><td><strong>2023<br>II poolaasta<\/strong><\/td><td><strong>Muutus<\/strong><\/td><\/tr><tr><td><strong>Tulud<\/strong><\/td><td>943 256<\/td><td>994 716<\/td><td>-5,17%<\/td><\/tr><tr><td><strong>Sh litsentsid ja toote \u00fclesseadmise tulud<\/strong><\/td><td>908 983<\/td><td>950 522<\/td><td>-4,37%<\/td><\/tr><tr><td><strong>Sh litsentsid ja korduvad teenustasud<\/strong><\/td><td>705 314<\/td><td>466 633<\/td><td>51,15%<\/td><\/tr><tr><td><strong>Arendustegevusega seotud kulud<\/strong><\/td><td>-1 086 709<\/td><td>-1 198 063<\/td><td>-9,29%<\/td><\/tr><tr><td><strong>Muud tegevuskulud<\/strong><\/td><td>-230 635<\/td><td>-228 650<\/td><td>0,87%<\/td><\/tr><tr><td><strong>Amortisatsioon<\/strong><\/td><td>-552 778<\/td><td>-532 817<\/td><td>3,75%<\/td><\/tr><tr><td><strong>EBITDA<\/strong><\/td><td>314 278<\/td><td>427 348<\/td><td>-26,46%<\/td><\/tr><\/tbody><\/table><\/div><\/figure>\n\n\n\n<div style=\"height:20px\" aria-hidden=\"true\" class=\"wp-block-spacer\"><\/div>\n\n\n\n<figure class=\"wp-block-table\"><div class=\"pcrstb-wrap\"><table class=\"has-fixed-layout\"><tbody><tr><td><strong>eurodes<\/strong><\/td><td><strong>2024<\/strong><\/td><td><strong>2023<\/strong><\/td><td><strong>Muutus<\/strong><\/td><\/tr><tr><td><strong>Tulud<\/strong><\/td><td>2 060 244<\/td><td>2 147 426<\/td><td>-4,06%<\/td><\/tr><tr><td><strong>Sh litsentsid ja toote \u00fclesseadmise tulud<\/strong><\/td><td>1 953 422<\/td><td>2 045 755<\/td><td>-4,51%<\/td><\/tr><tr><td><strong>Sh litsentsid ja korduvad teenustasud<\/strong><\/td><td>1 373 018<\/td><td>855 545<\/td><td>60,48%<\/td><\/tr><tr><td><strong>Arendustegevusega seotud kulud<\/strong><\/td><td>-2 443 705<\/td><td>-2 427 332<\/td><td>0,67%<\/td><\/tr><tr><td><strong>Muud tegevuskulud<\/strong><\/td><td>-434 149<\/td><td>-504 144<\/td><td>-13,88%<\/td><\/tr><tr><td><strong>Amortisatsioon<\/strong><\/td><td>-1 135 977<\/td><td>-1 017 284<\/td><td>11,67%<\/td><\/tr><tr><td><strong>EBITDA<\/strong><\/td><td>776 980<\/td><td>953 348<\/td><td>-18,50%<\/td><\/tr><\/tbody><\/table><\/div><\/figure>\n\n\n\n<div style=\"height:40px\" aria-hidden=\"true\" class=\"wp-block-spacer\"><\/div>\n\n\n\n<h2 class=\"wp-block-heading\" id=\"h-valjavaadetest\">V\u00e4ljavaadetest<\/h2>\n\n\n\n<div style=\"height:20px\" aria-hidden=\"true\" class=\"wp-block-spacer\"><\/div>\n\n\n\n<p>Peamine eesm\u00e4rk on j\u00e4tkuvalt kasvatada p\u00fcsivaid litsentsitulusid. Nissan Rootsi projekti edukas lansseerimine on loonud eeldused lahenduse laiemaks kasutuselev\u00f5tuks uutes regioonides.<\/p>\n\n\n\n<div style=\"height:40px\" aria-hidden=\"true\" class=\"wp-block-spacer\"><\/div>\n\n\n\n<p><strong>Lisainformatsiooni saamiseks palume kontakteeruda:<\/strong><\/p>\n\n\n\n<p>Janek Pr\u00fcmmel<br>Aktsiaselts\u00a0Modera<br>Juhatuse liige<br>Tel: +372 55 111 00<br>E-mail:\u00a0<a href=\"mailto:janek.prummel@modera.com\" target=\"_blank\" rel=\"noreferrer noopener\">janek.prummel@modera.com<\/a><\/p>\n\n\n\n<div style=\"height:40px\" aria-hidden=\"true\" class=\"wp-block-spacer\"><\/div>\n\n\n\n<h2 class=\"wp-block-heading\" id=\"h-bilanss\">Bilanss<\/h2>\n\n\n\n<div style=\"height:20px\" aria-hidden=\"true\" class=\"wp-block-spacer\"><\/div>\n\n\n\n<figure class=\"wp-block-table\"><div class=\"pcrstb-wrap\"><table class=\"has-fixed-layout\"><tbody><tr><td><strong>eurodes<\/strong><\/td><td><strong>31.12.2024<\/strong><\/td><td><strong>30.06.2024<\/strong><\/td><td><strong>31.12.2023<\/strong><\/td><td><strong>30.06.2023<\/strong><\/td><td><strong>Lisa<\/strong><\/td><\/tr><tr><td colspan=\"6\"><strong>Varad<\/strong><\/td><\/tr><tr><td>K\u00e4ibevarad<\/td><td>&nbsp;<\/td><td>&nbsp;<\/td><td>&nbsp;<\/td><td>&nbsp;<\/td><td>&nbsp;<\/td><\/tr><tr><td>Raha<\/td><td>1 206 730<\/td><td>510 993<\/td><td>982 792<\/td><td>914 108<\/td><td>&nbsp;<\/td><\/tr><tr><td>N\u00f5uded ja ettemaksed<\/td><td>257 814<\/td><td>156 546<\/td><td>290 952<\/td><td>379 078<\/td><td>2<\/td><\/tr><tr><td>Kokku k\u00e4ibevarad<\/td><td>1 464 544<\/td><td>667 539<\/td><td>1 273 744<\/td><td>1 293 186<\/td><td>&nbsp;<\/td><\/tr><tr><td>P\u00f5hivarad<\/td><td>&nbsp;<\/td><td>&nbsp;<\/td><td>&nbsp;<\/td><td>&nbsp;<\/td><td>&nbsp;<\/td><\/tr><tr><td>Investeeringud t\u00fctar- ja sidusettev\u00f5tjatesse<\/td><td>1 395<\/td><td>6 114<\/td><td>2 344<\/td><td>2 427<\/td><td>4<\/td><\/tr><tr><td>N\u00f5uded ja ettemaksed<\/td><td>23 484<\/td><td>11 674<\/td><td>8 569<\/td><td>4 468<\/td><td>2<\/td><\/tr><tr><td>Materiaalsed p\u00f5hivarad<\/td><td>6 709<\/td><td>10 339<\/td><td>13 300<\/td><td>9 704<\/td><td>5<\/td><\/tr><tr><td>Immateriaalsed p\u00f5hivarad<\/td><td>5 983 820<\/td><td>5 843 252<\/td><td>5 513 744<\/td><td>5 182 198<\/td><td>6<\/td><\/tr><tr><td>Kokku p\u00f5hivarad<\/td><td>6 015 408<\/td><td>5 871 379<\/td><td>5 537 957<\/td><td>5 198 797<\/td><td>&nbsp;<\/td><\/tr><tr><td><strong>Kokku varad<\/strong><\/td><td><strong>7 479 952<\/strong><\/td><td><strong>6 538 918<\/strong><\/td><td><strong>6 811 701<\/strong><\/td><td><strong>6 491 983<\/strong><\/td><td>&nbsp;<\/td><\/tr><tr><td colspan=\"6\">Kohustised ja omakapital<\/td><\/tr><tr><td>Kohustised<\/td><td>&nbsp;<\/td><td>&nbsp;<\/td><td>&nbsp;<\/td><td>&nbsp;<\/td><td>&nbsp;<\/td><\/tr><tr><td>L\u00fchiajalised kohustised<\/td><td>&nbsp;<\/td><td>&nbsp;<\/td><td>&nbsp;<\/td><td>&nbsp;<\/td><td>&nbsp;<\/td><\/tr><tr><td>Laenukohustised<\/td><td>198 502<\/td><td>429 593<\/td><td>292 434<\/td><td>368 353<\/td><td>7<\/td><\/tr><tr><td>V\u00f5lad ja ettemaksed<\/td><td>400 944<\/td><td>456 729<\/td><td>480 009<\/td><td>506 153<\/td><td>8<\/td><\/tr><tr><td>Sihtfinantseerimine<\/td><td>23 333<\/td><td>23 333<\/td><td>23 333<\/td><td>26 739<\/td><td>10<\/td><\/tr><tr><td>Kokku l\u00fchiajalised kohustised<\/td><td>622 779<\/td><td>909 655<\/td><td>795 776<\/td><td>901 245<\/td><td>&nbsp;<\/td><\/tr><tr><td>Pikaajalised kohustised<\/td><td>&nbsp;<\/td><td>&nbsp;<\/td><td>&nbsp;<\/td><td>&nbsp;<\/td><td>&nbsp;<\/td><\/tr><tr><td>Laenukohustised<\/td><td>1 572 700<\/td><td>38 309<\/td><td>293 977<\/td><td>344 120<\/td><td>7<\/td><\/tr><tr><td>Sihtfinantseerimine<\/td><td>137 908<\/td><td>149 574<\/td><td>161 241<\/td><td>172 056<\/td><td>10<\/td><\/tr><tr><td>Kokku pikaajalised kohustised<\/td><td>1 710 608<\/td><td>187 883<\/td><td>455 218<\/td><td>516 176<\/td><td>&nbsp;<\/td><\/tr><tr><td><strong>Kokku kohustised<\/strong><\/td><td><strong>2 333 387<\/strong><\/td><td><strong>1 097 538<\/strong><\/td><td><strong>1 250 994<\/strong><\/td><td><strong>1 417 421<\/strong><\/td><td>&nbsp;<\/td><\/tr><tr><td colspan=\"6\"><strong>Omakapital<\/strong><\/td><\/tr><tr><td>Aktsiakapital nimiv\u00e4\u00e4rtuses<\/td><td>197 249<\/td><td>196 249<\/td><td>196 249<\/td><td>179 916<\/td><td>11<\/td><\/tr><tr><td>Registreerimata aktsiakapital \u00fclekursiga<\/td><td>0<\/td><td>1 000<\/td><td>0<\/td><td>0<\/td><td>&nbsp;<\/td><\/tr><tr><td>\u00dclekurss<\/td><td>4 929 819<\/td><td>4 929 819<\/td><td>4 929 819<\/td><td>4 343 153<\/td><td>&nbsp;<\/td><\/tr><tr><td>Kohustuslik reservkapital<\/td><td>2 556<\/td><td>2 556<\/td><td>2 556<\/td><td>2 556<\/td><td>&nbsp;<\/td><\/tr><tr><td>Eelmiste perioodide jaotamata kasum (kahjum)<\/td><td>432 083<\/td><td>432 083<\/td><td>527 190<\/td><td>527 190<\/td><td>9<\/td><\/tr><tr><td>Aruandeaasta kasum (kahjum)<\/td><td>-415 142<\/td><td>0<\/td><td>-95 107<\/td><td>0<\/td><td>9<\/td><\/tr><tr><td>Jooksva aasta kasum (kahjum)<\/td><td>0<\/td><td>-120 327<\/td><td>0<\/td><td>21 747<\/td><td>9<\/td><\/tr><tr><td><strong>Kokku omakapital<\/strong><\/td><td><strong>5 146 565<\/strong><\/td><td><strong>5 441 380<\/strong><\/td><td><strong>5 560 707<\/strong><\/td><td><strong>5 074 562<\/strong><\/td><td>&nbsp;<\/td><\/tr><tr><td><strong>Kokku kohustised ja omakapital<\/strong><\/td><td><strong>7 479 952<\/strong><\/td><td><strong>6 538 918<\/strong><\/td><td><strong>6 811 701<\/strong><\/td><td><strong>6 491 983<\/strong><\/td><td>&nbsp;<\/td><\/tr><\/tbody><\/table><\/div><\/figure>\n\n\n\n<div style=\"height:40px\" aria-hidden=\"true\" class=\"wp-block-spacer\"><\/div>\n\n\n\n<div style=\"height:20px\" aria-hidden=\"true\" class=\"wp-block-spacer\"><\/div>\n\n\n\n<h2 class=\"wp-block-heading\" id=\"h-kasumiaruanne\">Kasumiaruanne<\/h2>\n\n\n\n<div style=\"height:20px\" aria-hidden=\"true\" class=\"wp-block-spacer\"><\/div>\n\n\n\n<figure class=\"wp-block-table\"><div class=\"pcrstb-wrap\"><table class=\"has-fixed-layout\"><tbody><tr><td><strong>eurodes<\/strong><\/td><td><strong>2024<\/strong><\/td><td><strong>2024<br>II poolaasta<\/strong><\/td><td><strong>2023<\/strong><\/td><td><strong>2023<br>II poolaasta<\/strong><\/td><td><strong>Lisa<\/strong><\/td><\/tr><tr><td>M\u00fc\u00fcgitulu<\/td><td>2 035 466<\/td><td>931 108<\/td><td>2 124 802<\/td><td>983 901<\/td><td>12<\/td><\/tr><tr><td>Muud \u00e4ritulud<\/td><td>24 778<\/td><td>12 148<\/td><td>22 624<\/td><td>10 815<\/td><td>13<\/td><\/tr><tr><td>Kapitaliseeritud v\u00e4ljaminekud oma tarbeks p\u00f5hivarade valmistamisel<\/td><td>1 598 340<\/td><td>689 716<\/td><td>1 739 662<\/td><td>860 281<\/td><td>&nbsp;<\/td><\/tr><tr><td>Kaubad, toore, materjal ja teenused<\/td><td>-1 145 678<\/td><td>-489 733<\/td><td>-1 334 548<\/td><td>-655 325<\/td><td>&nbsp;<\/td><\/tr><tr><td>Mitmesugused tegevuskulud<\/td><td>-434 149<\/td><td>-230 635<\/td><td>-504 144<\/td><td>-228 650<\/td><td>&nbsp;<\/td><\/tr><tr><td>T\u00f6\u00f6j\u00f5ukulud<\/td><td>-1 298 027<\/td><td>-596 976<\/td><td>-1 092 784<\/td><td>-542 738<\/td><td>14<\/td><\/tr><tr><td>P\u00f5hivarade kulum ja v\u00e4\u00e4rtuse langus<\/td><td>-1 135 977<\/td><td>-552 778<\/td><td>-1 017 284<\/td><td>-532 817<\/td><td>5,6<\/td><\/tr><tr><td>Muud \u00e4rikulud<\/td><td>-3 750<\/td><td>-1 350<\/td><td>-2 264<\/td><td>-936<\/td><td>&nbsp;<\/td><\/tr><tr><td><strong>\u00c4rikasum (kahjum)<\/strong><\/td><td><strong>-358 997<\/strong><\/td><td><strong>-238 500<\/strong><\/td><td><strong>-63 936<\/strong><\/td><td><strong>-105 469<\/strong><\/td><td>&nbsp;<\/td><\/tr><tr><td>Kasum (kahjum) t\u00fctarettev\u00f5tjatelt<\/td><td>-949<\/td><td>-4 719<\/td><td>1 323<\/td><td>-83<\/td><td>&nbsp;<\/td><\/tr><tr><td>Intressitulud<\/td><td>24 975<\/td><td>13 144<\/td><td>10 375<\/td><td>9 807<\/td><td>&nbsp;<\/td><\/tr><tr><td>Intressikulud<\/td><td>-77 720<\/td><td>-63 520<\/td><td>-37 132<\/td><td>-17 803<\/td><td>&nbsp;<\/td><\/tr><tr><td>Muud finantstulud ja -kulud<\/td><td>-2 451<\/td><td>-1 220<\/td><td>-5 737<\/td><td>-3 306<\/td><td>&nbsp;<\/td><\/tr><tr><td><strong>Kasum (kahjum) enne tulumaksustamist<\/strong><\/td><td><strong>-415 142<\/strong><\/td><td><strong>-294 815<\/strong><\/td><td><strong>-95 107<\/strong><\/td><td><strong>-116 854<\/strong><\/td><td>&nbsp;<\/td><\/tr><tr><td><strong>Jooksva aasta kasum (kahjum)<\/strong><\/td><td><strong>-415 142<\/strong><\/td><td><strong>-294 815<\/strong><\/td><td><strong>-95 107<\/strong><\/td><td><strong>-116 854<\/strong><\/td><td>&nbsp;<\/td><\/tr><\/tbody><\/table><\/div><\/figure>\n\n\n\n<div style=\"height:40px\" aria-hidden=\"true\" class=\"wp-block-spacer\"><\/div>\n\n\n\n<h2 class=\"wp-block-heading\" id=\"h-rahavoogude-aruanne\">Rahavoogude aruanne<\/h2>\n\n\n\n<div style=\"height:20px\" aria-hidden=\"true\" class=\"wp-block-spacer\"><\/div>\n\n\n\n<figure class=\"wp-block-table\"><div class=\"pcrstb-wrap\"><table class=\"has-fixed-layout\"><tbody><tr><td><strong>eurodes<\/strong><\/td><td><strong>2024<\/strong><\/td><td><strong>2024 II poolaasta<\/strong><\/td><td><strong>2023<\/strong><\/td><td><strong>2023 II poolaasta<\/strong><\/td><td><strong>Lisa<\/strong><\/td><\/tr><tr><td><strong>Rahavood \u00e4ritegevusest<\/strong><\/td><td>&nbsp;<\/td><td>&nbsp;<\/td><td>&nbsp;<\/td><td>&nbsp;<\/td><td>&nbsp;<\/td><\/tr><tr><td>\u00c4rikasum (kahjum)<\/td><td>-358 997<\/td><td>-238 500<\/td><td>-63 936<\/td><td>-105 469<\/td><td>&nbsp;<\/td><\/tr><tr><td>Korrigeerimised<\/td><td>&nbsp;<\/td><td>&nbsp;<\/td><td>&nbsp;<\/td><td>&nbsp;<\/td><td>&nbsp;<\/td><\/tr><tr><td>P\u00f5hivarade kulum ja v\u00e4\u00e4rtuse langus<\/td><td>1 135 977<\/td><td>552 778<\/td><td>1 017 284<\/td><td>532 817<\/td><td>5, 6<\/td><\/tr><tr><td>Sihtfinantseerimine<\/td><td>-23 333<\/td><td>-11 667<\/td><td>-22 624<\/td><td>-10 815<\/td><td>10,13<\/td><\/tr><tr><td>Kokku korrigeerimised<\/td><td>1 112 644<\/td><td>541 111<\/td><td>994 660<\/td><td>522 002<\/td><td>&nbsp;<\/td><\/tr><tr><td>\u00c4ritegevusega seotud n\u00f5uete ja ettemaksete muutus<\/td><td>24 747<\/td><td>-106 557<\/td><td>-40 050<\/td><td>84 044<\/td><td>&nbsp;<\/td><\/tr><tr><td>\u00c4ritegevusega seotud kohustiste ja ettemaksete muutus<\/td><td>-22 766<\/td><td>-44 299<\/td><td>31 914<\/td><td>26 979<\/td><td>&nbsp;<\/td><\/tr><tr><td><strong>Kokku rahavood \u00e4ritegevusest<\/strong><\/td><td><strong>755 628<\/strong><\/td><td><strong>151 755<\/strong><\/td><td><strong>922 588<\/strong><\/td><td><strong>527 556<\/strong><\/td><td>&nbsp;<\/td><\/tr><tr><td><strong>Rahavood investeerimistegevusest<\/strong><\/td><td>&nbsp;<\/td><td>&nbsp;<\/td><td>&nbsp;<\/td><td>&nbsp;<\/td><td>&nbsp;<\/td><\/tr><tr><td>Tasutud materiaalsete ja immateriaalsete p\u00f5hivarade soetamisel<\/td><td>-1 599 463<\/td><td>-689 717<\/td><td>-1 751 250<\/td><td>-867 959<\/td><td>5, 6<\/td><\/tr><tr><td>&nbsp;&nbsp; sh kapitalirendiga<\/td><td>0<\/td><td>0<\/td><td>5 208<\/td><td>5 208<\/td><td>&nbsp;<\/td><\/tr><tr><td>Tagasi n\u00f5utud sihtfinantseerimine<\/td><td>0<\/td><td>0<\/td><td>-3 406<\/td><td>-3 406<\/td><td>10&nbsp;<\/td><\/tr><tr><td>Laekunud intressid<\/td><td>18 452<\/td><td>6 623<\/td><td>10 361<\/td><td>9 789<\/td><td>&nbsp;<\/td><\/tr><tr><td><strong>Kokku rahavood investeerimistegevusest<\/strong><\/td><td><strong>-1 581 011<\/strong><\/td><td><strong>-683 094<\/strong><\/td><td><strong>-1 739 087<\/strong><\/td><td><strong>-856 368<\/strong><\/td><td>&nbsp;<\/td><\/tr><tr><td><strong>Rahavood finantseerimistegevusest<\/strong><\/td><td>&nbsp;<\/td><td>&nbsp;<\/td><td>&nbsp;<\/td><td>&nbsp;<\/td><td>&nbsp;<\/td><\/tr><tr><td>Saadud laenud<\/td><td>26 302<\/td><td>14 142<\/td><td>21 985<\/td><td>21 985<\/td><td>&nbsp;<\/td><\/tr><tr><td>Saadud laenude tagasimaksed<\/td><td>-335 979<\/td><td>-206 799<\/td><td>-246 509<\/td><td>-153 579<\/td><td>&nbsp;<\/td><\/tr><tr><td>Kapitalirendi p\u00f5hiosamaksed<\/td><td>-5 533<\/td><td>-4 044<\/td><td>-717<\/td><td>-717<\/td><td>&nbsp;<\/td><\/tr><tr><td>Makstud intressid<\/td><td>-133 807<\/td><td>-75 081<\/td><td>-112 718<\/td><td>-71 214<\/td><td>&nbsp;<\/td><\/tr><tr><td>Makstud tagatistasud<\/td><td>-2 671<\/td><td>-1 138<\/td><td>-3 984<\/td><td>-1 905<\/td><td>&nbsp;<\/td><\/tr><tr><td>Laekunud aktsiate v\u00f5i osade emiteerimisest<\/td><td>1 000<\/td><td>0<\/td><td>1 552 120<\/td><td>602 998<\/td><td>&nbsp;<\/td><\/tr><tr><td>Allutatud v\u00f5lakirjade emiteerimine<\/td><td>1 500 000<\/td><td>1 500 000<\/td><td>0<\/td><td>0<\/td><td>7<\/td><\/tr><tr><td><strong>Kokku rahavood finantseerimistegevusest<\/strong><\/td><td><strong>1 049 312<\/strong><\/td><td><strong>1 227 080<\/strong><\/td><td><strong>1 210 177<\/strong><\/td><td><strong>397 568<\/strong><\/td><td>&nbsp;<\/td><\/tr><tr><td><strong>Kokku rahavood<\/strong><\/td><td><strong>223 929<\/strong><\/td><td><strong>695 741<\/strong><\/td><td><strong>393 678<\/strong><\/td><td><strong>68 756<\/strong><\/td><td>&nbsp;<\/td><\/tr><tr><td>Raha ja raha ekvivalendid perioodi alguses<\/td><td>982 792<\/td><td>510 993<\/td><td>589 857<\/td><td>914 108<\/td><td>&nbsp;<\/td><\/tr><tr><td>Raha ja raha ekvivalentide muutus<\/td><td>223 929<\/td><td>695 741<\/td><td>393 678<\/td><td>68 756<\/td><td>&nbsp;<\/td><\/tr><tr><td>Valuutakursside muutuste m\u00f5ju<\/td><td>9<\/td><td>-4<\/td><td>-743<\/td><td>-72<\/td><td>&nbsp;<\/td><\/tr><tr><td><strong>Raha ja raha ekvivalendid perioodi l\u00f5pus<\/strong><\/td><td><strong>1 206 730<\/strong><\/td><td><strong>1 206 730<\/strong><\/td><td><strong>982 792<\/strong><\/td><td><strong>982 792<\/strong><\/td><td>&nbsp;<\/td><\/tr><\/tbody><\/table><\/div><\/figure>\n\n\n\n<div style=\"height:40px\" aria-hidden=\"true\" class=\"wp-block-spacer\"><\/div>\n\n\n\n<h2 class=\"wp-block-heading\" id=\"h-omakapitali-muutuste-aruanne\">Omakapitali muutuste aruanne<\/h2>\n\n\n\n<div style=\"height:20px\" aria-hidden=\"true\" class=\"wp-block-spacer\"><\/div>\n\n\n\n<figure class=\"wp-block-table\"><div class=\"pcrstb-wrap\"><table class=\"has-fixed-layout\"><tbody><tr><td><strong>eurodes<\/strong><\/td><td><strong>Aktsiakapital nimiv\u00e4\u00e4rtuses<\/strong><\/td><td><strong>\u00dclekurss<\/strong><\/td><td><strong>Muud reservid<\/strong><\/td><td><strong>Jaotamata kasum (kahjum)<\/strong><\/td><td><strong>Kokku<\/strong><\/td><\/tr><tr><td><strong>31.12.2022<\/strong><\/td><td><strong>158 824<\/strong><\/td><td><strong>3 415 123<\/strong><\/td><td><strong>2 556<\/strong><\/td><td><strong>527 190<\/strong><\/td><td><strong>4 103 693<\/strong><\/td><\/tr><tr><td>Jooksva aasta kasum (kahjum)<\/td><td>&nbsp;<\/td><td>&nbsp;<\/td><td>&nbsp;<\/td><td>21 747<\/td><td>21 747<\/td><\/tr><tr><td>Emiteeritud aktsiakapital<\/td><td>21 092<\/td><td>928 030<\/td><td>&nbsp;<\/td><td>&nbsp;<\/td><td>949 122<\/td><\/tr><tr><td><strong>30.06.2023<\/strong><\/td><td><strong>179 916<\/strong><\/td><td><strong>4 343 153<\/strong><\/td><td><strong>2 556<\/strong><\/td><td><strong>548 937<\/strong><\/td><td><strong>5 074 562<\/strong><\/td><\/tr><tr><td>Aruandeaasta kasum (kahjum)<\/td><td>&nbsp;<\/td><td>&nbsp;<\/td><td>&nbsp;<\/td><td>-116 854<\/td><td>-116 854<\/td><\/tr><tr><td>Emiteeritud aktsiakapital<\/td><td>16 333<\/td><td>586 666<\/td><td>&nbsp;<\/td><td>&nbsp;<\/td><td>602 999<\/td><\/tr><tr><td><strong>31.12.2023<\/strong><\/td><td><strong>196 249<\/strong><\/td><td><strong>4 929 819<\/strong><\/td><td><strong>2 556<\/strong><\/td><td><strong>432 083<\/strong><\/td><td><strong>5 560 707<\/strong><\/td><\/tr><tr><td>Jooksva aasta kasum (kahjum)<\/td><td>&nbsp;<\/td><td>&nbsp;<\/td><td>&nbsp;<\/td><td>-120 327<\/td><td>-120 327<\/td><\/tr><tr><td>Emiteeritud aktsiakapital (registreerimata)<\/td><td>1 000<\/td><td>&nbsp;<\/td><td>&nbsp;<\/td><td>&nbsp;<\/td><td>1 000<\/td><\/tr><tr><td><strong>30.06.2024<\/strong><\/td><td><strong>197 249<\/strong><\/td><td><strong>4 929 819<\/strong><\/td><td><strong>2 556<\/strong><\/td><td><strong>311 756<\/strong><\/td><td><strong>5 441 380<\/strong><\/td><\/tr><tr><td>Aruandeaasta kasum (kahjum)<\/td><td>&nbsp;<\/td><td>&nbsp;<\/td><td>&nbsp;<\/td><td>-294 815<\/td><td>-294 815<\/td><\/tr><tr><td>Emiteeritud aktsiakapital (registreerimata)<\/td><td>-1 000<\/td><td>&nbsp;<\/td><td>&nbsp;<\/td><td>&nbsp;<\/td><td>-1 000<\/td><\/tr><tr><td>Emiteeritud aktsiakapital<\/td><\/tr><\/tbody><\/table><\/div><\/figure>\n","protected":false},"excerpt":{"rendered":"<p>MODERA\u00a0AS 2024. aasta II poolaasta ja 12 kuu auditeerimata vahearuanne Modera\u00a0jooksvad tagatud tulud (MRR) kasvasid 60%. Kuna ebakindlus majanduses ja sektoris oli sel aastal suur, siis mitmed oodatud projektid l\u00fckkusid&hellip;<\/p>\n","protected":false},"author":5,"featured_media":20456,"comment_status":"open","ping_status":"open","sticky":false,"template":"","format":"standard","meta":{"_lmt_disableupdate":"","_lmt_disable":"","footnotes":""},"categories":[92,1],"tags":[],"class_list":["post-22252","post","type-post","status-publish","format-standard","has-post-thumbnail","hentry","category-borsiteated","category-uncategorized"],"yoast_head":"<!-- This site is optimized with the Yoast SEO Premium plugin v26.6 (Yoast SEO v27.3) - https:\/\/yoast.com\/product\/yoast-seo-premium-wordpress\/ -->\n<title>MODERA\u00a0AS 2024. aasta II poolaasta ja 12 kuu auditeerimata vahearuanne - Modera<\/title>\n<meta name=\"robots\" content=\"index, follow, max-snippet:-1, max-image-preview:large, max-video-preview:-1\" \/>\n<link rel=\"canonical\" href=\"https:\/\/modera.com\/et\/automotive\/modera-as-2024-aasta-ii-poolaasta-ja-12-kuu-auditeerimata-vahearuanne\/\" \/>\n<meta property=\"og:locale\" content=\"et_EE\" \/>\n<meta property=\"og:type\" content=\"article\" \/>\n<meta property=\"og:title\" content=\"MODERA\u00a0AS 2024. aasta II poolaasta ja 12 kuu auditeerimata vahearuanne\" \/>\n<meta property=\"og:description\" content=\"MODERA\u00a0AS 2024. aasta II poolaasta ja 12 kuu auditeerimata vahearuanne Modera\u00a0jooksvad tagatud tulud (MRR) kasvasid 60%. Kuna ebakindlus majanduses ja sektoris oli sel aastal suur, siis mitmed oodatud projektid l\u00fckkusid&hellip;\" \/>\n<meta property=\"og:url\" content=\"https:\/\/modera.com\/et\/automotive\/modera-as-2024-aasta-ii-poolaasta-ja-12-kuu-auditeerimata-vahearuanne\/\" \/>\n<meta property=\"og:site_name\" content=\"Modera\" \/>\n<meta property=\"article:publisher\" content=\"https:\/\/www.facebook.com\/moderasoft\" \/>\n<meta property=\"article:published_time\" content=\"2025-03-07T14:10:51+00:00\" \/>\n<meta property=\"article:modified_time\" content=\"2025-03-07T14:10:54+00:00\" \/>\n<meta property=\"og:image\" content=\"https:\/\/modera.com\/wp-content\/uploads\/2024\/02\/modera-bg-3-70.png\" \/>\n\t<meta property=\"og:image:width\" content=\"180\" \/>\n\t<meta property=\"og:image:height\" content=\"180\" \/>\n\t<meta property=\"og:image:type\" content=\"image\/png\" \/>\n<meta name=\"author\" content=\"Janek Prummel\" \/>\n<meta name=\"twitter:card\" content=\"summary_large_image\" \/>\n<meta name=\"twitter:label1\" content=\"Written by\" \/>\n\t<meta name=\"twitter:data1\" content=\"Janek Prummel\" \/>\n\t<meta name=\"twitter:label2\" content=\"Est. reading time\" \/>\n\t<meta name=\"twitter:data2\" content=\"9 minutit\" \/>\n<script type=\"application\/ld+json\" class=\"yoast-schema-graph\">{\"@context\":\"https:\\\/\\\/schema.org\",\"@graph\":[{\"@type\":\"Article\",\"@id\":\"https:\\\/\\\/modera.com\\\/et\\\/automotive\\\/modera-as-2024-aasta-ii-poolaasta-ja-12-kuu-auditeerimata-vahearuanne\\\/#article\",\"isPartOf\":{\"@id\":\"https:\\\/\\\/modera.com\\\/et\\\/automotive\\\/modera-as-2024-aasta-ii-poolaasta-ja-12-kuu-auditeerimata-vahearuanne\\\/\"},\"author\":{\"name\":\"Janek Prummel\",\"@id\":\"https:\\\/\\\/modera.com\\\/et\\\/#\\\/schema\\\/person\\\/4de59726934ef3770a923e89b1ac3053\"},\"headline\":\"MODERA\u00a0AS 2024. aasta II poolaasta ja 12 kuu auditeerimata vahearuanne\",\"datePublished\":\"2025-03-07T14:10:51+00:00\",\"dateModified\":\"2025-03-07T14:10:54+00:00\",\"mainEntityOfPage\":{\"@id\":\"https:\\\/\\\/modera.com\\\/et\\\/automotive\\\/modera-as-2024-aasta-ii-poolaasta-ja-12-kuu-auditeerimata-vahearuanne\\\/\"},\"wordCount\":1425,\"commentCount\":0,\"publisher\":{\"@id\":\"https:\\\/\\\/modera.com\\\/et\\\/#organization\"},\"image\":{\"@id\":\"https:\\\/\\\/modera.com\\\/et\\\/automotive\\\/modera-as-2024-aasta-ii-poolaasta-ja-12-kuu-auditeerimata-vahearuanne\\\/#primaryimage\"},\"thumbnailUrl\":\"https:\\\/\\\/modera.com\\\/wp-content\\\/uploads\\\/2024\\\/02\\\/modera-bg-3-70.png\",\"articleSection\":[\"B\u00f6rsiteated\",\"Uncategorized\"],\"inLanguage\":\"et\",\"potentialAction\":[{\"@type\":\"CommentAction\",\"name\":\"Comment\",\"target\":[\"https:\\\/\\\/modera.com\\\/et\\\/automotive\\\/modera-as-2024-aasta-ii-poolaasta-ja-12-kuu-auditeerimata-vahearuanne\\\/#respond\"]}]},{\"@type\":\"WebPage\",\"@id\":\"https:\\\/\\\/modera.com\\\/et\\\/automotive\\\/modera-as-2024-aasta-ii-poolaasta-ja-12-kuu-auditeerimata-vahearuanne\\\/\",\"url\":\"https:\\\/\\\/modera.com\\\/et\\\/automotive\\\/modera-as-2024-aasta-ii-poolaasta-ja-12-kuu-auditeerimata-vahearuanne\\\/\",\"name\":\"MODERA\u00a0AS 2024. aasta II poolaasta ja 12 kuu auditeerimata vahearuanne - Modera\",\"isPartOf\":{\"@id\":\"https:\\\/\\\/modera.com\\\/et\\\/#website\"},\"primaryImageOfPage\":{\"@id\":\"https:\\\/\\\/modera.com\\\/et\\\/automotive\\\/modera-as-2024-aasta-ii-poolaasta-ja-12-kuu-auditeerimata-vahearuanne\\\/#primaryimage\"},\"image\":{\"@id\":\"https:\\\/\\\/modera.com\\\/et\\\/automotive\\\/modera-as-2024-aasta-ii-poolaasta-ja-12-kuu-auditeerimata-vahearuanne\\\/#primaryimage\"},\"thumbnailUrl\":\"https:\\\/\\\/modera.com\\\/wp-content\\\/uploads\\\/2024\\\/02\\\/modera-bg-3-70.png\",\"datePublished\":\"2025-03-07T14:10:51+00:00\",\"dateModified\":\"2025-03-07T14:10:54+00:00\",\"breadcrumb\":{\"@id\":\"https:\\\/\\\/modera.com\\\/et\\\/automotive\\\/modera-as-2024-aasta-ii-poolaasta-ja-12-kuu-auditeerimata-vahearuanne\\\/#breadcrumb\"},\"inLanguage\":\"et\",\"potentialAction\":[{\"@type\":\"ReadAction\",\"target\":[\"https:\\\/\\\/modera.com\\\/et\\\/automotive\\\/modera-as-2024-aasta-ii-poolaasta-ja-12-kuu-auditeerimata-vahearuanne\\\/\"]}]},{\"@type\":\"ImageObject\",\"inLanguage\":\"et\",\"@id\":\"https:\\\/\\\/modera.com\\\/et\\\/automotive\\\/modera-as-2024-aasta-ii-poolaasta-ja-12-kuu-auditeerimata-vahearuanne\\\/#primaryimage\",\"url\":\"https:\\\/\\\/modera.com\\\/wp-content\\\/uploads\\\/2024\\\/02\\\/modera-bg-3-70.png\",\"contentUrl\":\"https:\\\/\\\/modera.com\\\/wp-content\\\/uploads\\\/2024\\\/02\\\/modera-bg-3-70.png\",\"width\":180,\"height\":180,\"caption\":\"b\u00f6rsiteade\"},{\"@type\":\"BreadcrumbList\",\"@id\":\"https:\\\/\\\/modera.com\\\/et\\\/automotive\\\/modera-as-2024-aasta-ii-poolaasta-ja-12-kuu-auditeerimata-vahearuanne\\\/#breadcrumb\",\"itemListElement\":[{\"@type\":\"ListItem\",\"position\":1,\"name\":\"Home\",\"item\":\"https:\\\/\\\/modera.com\\\/et\\\/\"},{\"@type\":\"ListItem\",\"position\":2,\"name\":\"MODERA\u00a0AS 2024. aasta II poolaasta ja 12 kuu auditeerimata vahearuanne\"}]},{\"@type\":\"WebSite\",\"@id\":\"https:\\\/\\\/modera.com\\\/et\\\/#website\",\"url\":\"https:\\\/\\\/modera.com\\\/et\\\/\",\"name\":\"Modera\",\"description\":\"Car sales made simple\",\"publisher\":{\"@id\":\"https:\\\/\\\/modera.com\\\/et\\\/#organization\"},\"potentialAction\":[{\"@type\":\"SearchAction\",\"target\":{\"@type\":\"EntryPoint\",\"urlTemplate\":\"https:\\\/\\\/modera.com\\\/et\\\/?s={search_term_string}\"},\"query-input\":{\"@type\":\"PropertyValueSpecification\",\"valueRequired\":true,\"valueName\":\"search_term_string\"}}],\"inLanguage\":\"et\"},{\"@type\":[\"Organization\",\"Place\"],\"@id\":\"https:\\\/\\\/modera.com\\\/et\\\/#organization\",\"name\":\"Modera Ltd.\",\"alternateName\":\"Aktsiaselts Modera\",\"url\":\"https:\\\/\\\/modera.com\\\/et\\\/\",\"logo\":{\"@id\":\"https:\\\/\\\/modera.com\\\/et\\\/automotive\\\/modera-as-2024-aasta-ii-poolaasta-ja-12-kuu-auditeerimata-vahearuanne\\\/#local-main-organization-logo\"},\"image\":{\"@id\":\"https:\\\/\\\/modera.com\\\/et\\\/automotive\\\/modera-as-2024-aasta-ii-poolaasta-ja-12-kuu-auditeerimata-vahearuanne\\\/#local-main-organization-logo\"},\"sameAs\":[\"https:\\\/\\\/www.facebook.com\\\/moderasoft\",\"https:\\\/\\\/linkedin.com\\\/company\\\/modera-automotive\"],\"description\":\"Modera helps automotive manufacturers, importers, and dealer networks modernise how they sell, communicate, and grow. Our AI-driven platform connects every part of the sales ecosystem \u2014 from lead to delivery \u2014 enabling faster sales, smarter decisions, and seamless customer experiences across online and in-store channels.\",\"legalName\":\"Aktsiaselts Modera\",\"foundingDate\":\"2007-04-27\",\"duns\":\"565452886\",\"numberOfEmployees\":{\"@type\":\"QuantitativeValue\",\"minValue\":\"11\",\"maxValue\":\"50\"},\"address\":{\"@id\":\"https:\\\/\\\/modera.com\\\/et\\\/automotive\\\/modera-as-2024-aasta-ii-poolaasta-ja-12-kuu-auditeerimata-vahearuanne\\\/#local-main-place-address\"},\"geo\":{\"@type\":\"GeoCoordinates\",\"latitude\":\"59.42723790071567\",\"longitude\":\"24.65569993969669\"},\"telephone\":[\"+3726505500\"],\"contactPoint\":{\"@type\":\"ContactPoint\",\"email\":\"sales@modera.com\"},\"openingHoursSpecification\":[{\"@type\":\"OpeningHoursSpecification\",\"dayOfWeek\":[\"Monday\",\"Tuesday\",\"Wednesday\",\"Thursday\",\"Friday\"],\"opens\":\"09:00\",\"closes\":\"17:00\"},{\"@type\":\"OpeningHoursSpecification\",\"dayOfWeek\":[\"Saturday\",\"Sunday\"],\"opens\":\"00:00\",\"closes\":\"00:00\"}],\"email\":\"info@modera.com\",\"areaServed\":\"Whole world\",\"vatID\":\"EE101257613\"},{\"@type\":\"Person\",\"@id\":\"https:\\\/\\\/modera.com\\\/et\\\/#\\\/schema\\\/person\\\/4de59726934ef3770a923e89b1ac3053\",\"name\":\"Janek Prummel\",\"image\":{\"@type\":\"ImageObject\",\"inLanguage\":\"et\",\"@id\":\"https:\\\/\\\/secure.gravatar.com\\\/avatar\\\/5a71075d0ded31477bab48a6e8c66422b21aadee896a509844694edba3a5e440?s=96&d=mm&r=g\",\"url\":\"https:\\\/\\\/secure.gravatar.com\\\/avatar\\\/5a71075d0ded31477bab48a6e8c66422b21aadee896a509844694edba3a5e440?s=96&d=mm&r=g\",\"contentUrl\":\"https:\\\/\\\/secure.gravatar.com\\\/avatar\\\/5a71075d0ded31477bab48a6e8c66422b21aadee896a509844694edba3a5e440?s=96&d=mm&r=g\",\"caption\":\"Janek Prummel\"},\"url\":\"https:\\\/\\\/modera.com\\\/et\\\/automotive\\\/author\\\/janek\\\/\"},{\"@type\":\"PostalAddress\",\"@id\":\"https:\\\/\\\/modera.com\\\/et\\\/automotive\\\/modera-as-2024-aasta-ii-poolaasta-ja-12-kuu-auditeerimata-vahearuanne\\\/#local-main-place-address\",\"streetAddress\":\"M\u00f5isa tn 4\",\"addressLocality\":\"Tallinn\",\"postalCode\":\"13522\",\"addressRegion\":\"Harjumaa\",\"addressCountry\":\"EE\"},{\"@type\":\"ImageObject\",\"inLanguage\":\"et\",\"@id\":\"https:\\\/\\\/modera.com\\\/et\\\/automotive\\\/modera-as-2024-aasta-ii-poolaasta-ja-12-kuu-auditeerimata-vahearuanne\\\/#local-main-organization-logo\",\"url\":\"https:\\\/\\\/modera.com\\\/wp-content\\\/uploads\\\/2025\\\/12\\\/Modera-logo-square-hq.png\",\"contentUrl\":\"https:\\\/\\\/modera.com\\\/wp-content\\\/uploads\\\/2025\\\/12\\\/Modera-logo-square-hq.png\",\"width\":540,\"height\":540,\"caption\":\"Modera Ltd.\"}]}<\/script>\n<meta name=\"geo.placename\" content=\"Tallinn\" \/>\n<meta name=\"geo.position\" content=\"59.42723790071567;24.65569993969669\" \/>\n<meta name=\"geo.region\" content=\"Estonia\" \/>\n<!-- \/ Yoast SEO Premium plugin. -->","yoast_head_json":{"title":"MODERA\u00a0AS 2024. aasta II poolaasta ja 12 kuu auditeerimata vahearuanne - Modera","robots":{"index":"index","follow":"follow","max-snippet":"max-snippet:-1","max-image-preview":"max-image-preview:large","max-video-preview":"max-video-preview:-1"},"canonical":"https:\/\/modera.com\/et\/automotive\/modera-as-2024-aasta-ii-poolaasta-ja-12-kuu-auditeerimata-vahearuanne\/","og_locale":"et_EE","og_type":"article","og_title":"MODERA\u00a0AS 2024. aasta II poolaasta ja 12 kuu auditeerimata vahearuanne","og_description":"MODERA\u00a0AS 2024. aasta II poolaasta ja 12 kuu auditeerimata vahearuanne Modera\u00a0jooksvad tagatud tulud (MRR) kasvasid 60%. Kuna ebakindlus majanduses ja sektoris oli sel aastal suur, siis mitmed oodatud projektid l\u00fckkusid&hellip;","og_url":"https:\/\/modera.com\/et\/automotive\/modera-as-2024-aasta-ii-poolaasta-ja-12-kuu-auditeerimata-vahearuanne\/","og_site_name":"Modera","article_publisher":"https:\/\/www.facebook.com\/moderasoft","article_published_time":"2025-03-07T14:10:51+00:00","article_modified_time":"2025-03-07T14:10:54+00:00","og_image":[{"width":180,"height":180,"url":"https:\/\/modera.com\/wp-content\/uploads\/2024\/02\/modera-bg-3-70.png","type":"image\/png"}],"author":"Janek Prummel","twitter_card":"summary_large_image","twitter_misc":{"Written by":"Janek Prummel","Est. reading time":"9 minutit"},"schema":{"@context":"https:\/\/schema.org","@graph":[{"@type":"Article","@id":"https:\/\/modera.com\/et\/automotive\/modera-as-2024-aasta-ii-poolaasta-ja-12-kuu-auditeerimata-vahearuanne\/#article","isPartOf":{"@id":"https:\/\/modera.com\/et\/automotive\/modera-as-2024-aasta-ii-poolaasta-ja-12-kuu-auditeerimata-vahearuanne\/"},"author":{"name":"Janek Prummel","@id":"https:\/\/modera.com\/et\/#\/schema\/person\/4de59726934ef3770a923e89b1ac3053"},"headline":"MODERA\u00a0AS 2024. aasta II poolaasta ja 12 kuu auditeerimata vahearuanne","datePublished":"2025-03-07T14:10:51+00:00","dateModified":"2025-03-07T14:10:54+00:00","mainEntityOfPage":{"@id":"https:\/\/modera.com\/et\/automotive\/modera-as-2024-aasta-ii-poolaasta-ja-12-kuu-auditeerimata-vahearuanne\/"},"wordCount":1425,"commentCount":0,"publisher":{"@id":"https:\/\/modera.com\/et\/#organization"},"image":{"@id":"https:\/\/modera.com\/et\/automotive\/modera-as-2024-aasta-ii-poolaasta-ja-12-kuu-auditeerimata-vahearuanne\/#primaryimage"},"thumbnailUrl":"https:\/\/modera.com\/wp-content\/uploads\/2024\/02\/modera-bg-3-70.png","articleSection":["B\u00f6rsiteated","Uncategorized"],"inLanguage":"et","potentialAction":[{"@type":"CommentAction","name":"Comment","target":["https:\/\/modera.com\/et\/automotive\/modera-as-2024-aasta-ii-poolaasta-ja-12-kuu-auditeerimata-vahearuanne\/#respond"]}]},{"@type":"WebPage","@id":"https:\/\/modera.com\/et\/automotive\/modera-as-2024-aasta-ii-poolaasta-ja-12-kuu-auditeerimata-vahearuanne\/","url":"https:\/\/modera.com\/et\/automotive\/modera-as-2024-aasta-ii-poolaasta-ja-12-kuu-auditeerimata-vahearuanne\/","name":"MODERA\u00a0AS 2024. aasta II poolaasta ja 12 kuu auditeerimata vahearuanne - Modera","isPartOf":{"@id":"https:\/\/modera.com\/et\/#website"},"primaryImageOfPage":{"@id":"https:\/\/modera.com\/et\/automotive\/modera-as-2024-aasta-ii-poolaasta-ja-12-kuu-auditeerimata-vahearuanne\/#primaryimage"},"image":{"@id":"https:\/\/modera.com\/et\/automotive\/modera-as-2024-aasta-ii-poolaasta-ja-12-kuu-auditeerimata-vahearuanne\/#primaryimage"},"thumbnailUrl":"https:\/\/modera.com\/wp-content\/uploads\/2024\/02\/modera-bg-3-70.png","datePublished":"2025-03-07T14:10:51+00:00","dateModified":"2025-03-07T14:10:54+00:00","breadcrumb":{"@id":"https:\/\/modera.com\/et\/automotive\/modera-as-2024-aasta-ii-poolaasta-ja-12-kuu-auditeerimata-vahearuanne\/#breadcrumb"},"inLanguage":"et","potentialAction":[{"@type":"ReadAction","target":["https:\/\/modera.com\/et\/automotive\/modera-as-2024-aasta-ii-poolaasta-ja-12-kuu-auditeerimata-vahearuanne\/"]}]},{"@type":"ImageObject","inLanguage":"et","@id":"https:\/\/modera.com\/et\/automotive\/modera-as-2024-aasta-ii-poolaasta-ja-12-kuu-auditeerimata-vahearuanne\/#primaryimage","url":"https:\/\/modera.com\/wp-content\/uploads\/2024\/02\/modera-bg-3-70.png","contentUrl":"https:\/\/modera.com\/wp-content\/uploads\/2024\/02\/modera-bg-3-70.png","width":180,"height":180,"caption":"b\u00f6rsiteade"},{"@type":"BreadcrumbList","@id":"https:\/\/modera.com\/et\/automotive\/modera-as-2024-aasta-ii-poolaasta-ja-12-kuu-auditeerimata-vahearuanne\/#breadcrumb","itemListElement":[{"@type":"ListItem","position":1,"name":"Home","item":"https:\/\/modera.com\/et\/"},{"@type":"ListItem","position":2,"name":"MODERA\u00a0AS 2024. aasta II poolaasta ja 12 kuu auditeerimata vahearuanne"}]},{"@type":"WebSite","@id":"https:\/\/modera.com\/et\/#website","url":"https:\/\/modera.com\/et\/","name":"Modera","description":"Car sales made simple","publisher":{"@id":"https:\/\/modera.com\/et\/#organization"},"potentialAction":[{"@type":"SearchAction","target":{"@type":"EntryPoint","urlTemplate":"https:\/\/modera.com\/et\/?s={search_term_string}"},"query-input":{"@type":"PropertyValueSpecification","valueRequired":true,"valueName":"search_term_string"}}],"inLanguage":"et"},{"@type":["Organization","Place"],"@id":"https:\/\/modera.com\/et\/#organization","name":"Modera Ltd.","alternateName":"Aktsiaselts Modera","url":"https:\/\/modera.com\/et\/","logo":{"@id":"https:\/\/modera.com\/et\/automotive\/modera-as-2024-aasta-ii-poolaasta-ja-12-kuu-auditeerimata-vahearuanne\/#local-main-organization-logo"},"image":{"@id":"https:\/\/modera.com\/et\/automotive\/modera-as-2024-aasta-ii-poolaasta-ja-12-kuu-auditeerimata-vahearuanne\/#local-main-organization-logo"},"sameAs":["https:\/\/www.facebook.com\/moderasoft","https:\/\/linkedin.com\/company\/modera-automotive"],"description":"Modera helps automotive manufacturers, importers, and dealer networks modernise how they sell, communicate, and grow. Our AI-driven platform connects every part of the sales ecosystem \u2014 from lead to delivery \u2014 enabling faster sales, smarter decisions, and seamless customer experiences across online and in-store channels.","legalName":"Aktsiaselts Modera","foundingDate":"2007-04-27","duns":"565452886","numberOfEmployees":{"@type":"QuantitativeValue","minValue":"11","maxValue":"50"},"address":{"@id":"https:\/\/modera.com\/et\/automotive\/modera-as-2024-aasta-ii-poolaasta-ja-12-kuu-auditeerimata-vahearuanne\/#local-main-place-address"},"geo":{"@type":"GeoCoordinates","latitude":"59.42723790071567","longitude":"24.65569993969669"},"telephone":["+3726505500"],"contactPoint":{"@type":"ContactPoint","email":"sales@modera.com"},"openingHoursSpecification":[{"@type":"OpeningHoursSpecification","dayOfWeek":["Monday","Tuesday","Wednesday","Thursday","Friday"],"opens":"09:00","closes":"17:00"},{"@type":"OpeningHoursSpecification","dayOfWeek":["Saturday","Sunday"],"opens":"00:00","closes":"00:00"}],"email":"info@modera.com","areaServed":"Whole world","vatID":"EE101257613"},{"@type":"Person","@id":"https:\/\/modera.com\/et\/#\/schema\/person\/4de59726934ef3770a923e89b1ac3053","name":"Janek Prummel","image":{"@type":"ImageObject","inLanguage":"et","@id":"https:\/\/secure.gravatar.com\/avatar\/5a71075d0ded31477bab48a6e8c66422b21aadee896a509844694edba3a5e440?s=96&d=mm&r=g","url":"https:\/\/secure.gravatar.com\/avatar\/5a71075d0ded31477bab48a6e8c66422b21aadee896a509844694edba3a5e440?s=96&d=mm&r=g","contentUrl":"https:\/\/secure.gravatar.com\/avatar\/5a71075d0ded31477bab48a6e8c66422b21aadee896a509844694edba3a5e440?s=96&d=mm&r=g","caption":"Janek Prummel"},"url":"https:\/\/modera.com\/et\/automotive\/author\/janek\/"},{"@type":"PostalAddress","@id":"https:\/\/modera.com\/et\/automotive\/modera-as-2024-aasta-ii-poolaasta-ja-12-kuu-auditeerimata-vahearuanne\/#local-main-place-address","streetAddress":"M\u00f5isa tn 4","addressLocality":"Tallinn","postalCode":"13522","addressRegion":"Harjumaa","addressCountry":"EE"},{"@type":"ImageObject","inLanguage":"et","@id":"https:\/\/modera.com\/et\/automotive\/modera-as-2024-aasta-ii-poolaasta-ja-12-kuu-auditeerimata-vahearuanne\/#local-main-organization-logo","url":"https:\/\/modera.com\/wp-content\/uploads\/2025\/12\/Modera-logo-square-hq.png","contentUrl":"https:\/\/modera.com\/wp-content\/uploads\/2025\/12\/Modera-logo-square-hq.png","width":540,"height":540,"caption":"Modera Ltd."}]},"geo.placename":"Tallinn","geo.position":{"lat":"59.42723790071567","long":"24.65569993969669"},"geo.region":"Estonia"},"_links":{"self":[{"href":"https:\/\/modera.com\/et\/wp-json\/wp\/v2\/posts\/22252","targetHints":{"allow":["GET"]}}],"collection":[{"href":"https:\/\/modera.com\/et\/wp-json\/wp\/v2\/posts"}],"about":[{"href":"https:\/\/modera.com\/et\/wp-json\/wp\/v2\/types\/post"}],"author":[{"embeddable":true,"href":"https:\/\/modera.com\/et\/wp-json\/wp\/v2\/users\/5"}],"replies":[{"embeddable":true,"href":"https:\/\/modera.com\/et\/wp-json\/wp\/v2\/comments?post=22252"}],"version-history":[{"count":3,"href":"https:\/\/modera.com\/et\/wp-json\/wp\/v2\/posts\/22252\/revisions"}],"predecessor-version":[{"id":22255,"href":"https:\/\/modera.com\/et\/wp-json\/wp\/v2\/posts\/22252\/revisions\/22255"}],"wp:featuredmedia":[{"embeddable":true,"href":"https:\/\/modera.com\/et\/wp-json\/wp\/v2\/media\/20456"}],"wp:attachment":[{"href":"https:\/\/modera.com\/et\/wp-json\/wp\/v2\/media?parent=22252"}],"wp:term":[{"taxonomy":"category","embeddable":true,"href":"https:\/\/modera.com\/et\/wp-json\/wp\/v2\/categories?post=22252"},{"taxonomy":"post_tag","embeddable":true,"href":"https:\/\/modera.com\/et\/wp-json\/wp\/v2\/tags?post=22252"}],"curies":[{"name":"wp","href":"https:\/\/api.w.org\/{rel}","templated":true}]}}