{"id":21046,"date":"2024-04-29T05:44:23","date_gmt":"2024-04-29T05:44:23","guid":{"rendered":"https:\/\/modera.com\/?p=21046"},"modified":"2024-04-29T05:44:24","modified_gmt":"2024-04-29T05:44:24","slug":"modera-plaanid-2024-2026-aastal","status":"publish","type":"post","link":"https:\/\/modera.com\/et\/automotive\/modera-plaanid-2024-2026-aastal\/","title":{"rendered":"MODERA plaanid 2024 &#8211; 2026 aastal"},"content":{"rendered":"\n<p>Modera oma tegevuses regulaarselt j\u00e4lgib meid m\u00f5jutavat autoturgu ning vastavalt sellele uuendame plaane ning informeerime sellest aktsion\u00e4re.<\/p>\n\n\n\n<div style=\"height:20px\" aria-hidden=\"true\" class=\"wp-block-spacer\"><\/div>\n\n\n\n<p>Moderal on tugev tooteplatvorm ning lojaalne kliendibaas, mis kasvab jooksvalt.<\/p>\n\n\n\n<div style=\"height:20px\" aria-hidden=\"true\" class=\"wp-block-spacer\"><\/div>\n\n\n\n<p>Modera on j\u00f5udnud oma arengufaasis etappi, kus meie uuteks klientideks on rahvusvahelised autotootmise ja m\u00fc\u00fcgiga seotud kontsernid, mis teeb klientide poolsed otsustusprotsessid meie jaoks varasemast pikemaks.<\/p>\n\n\n\n<div style=\"height:20px\" aria-hidden=\"true\" class=\"wp-block-spacer\"><\/div>\n\n\n\n<p>Oma planeerimisprotsessis v\u00f5tame aluseks j\u00e4rgnevatel aastatel planeeritavad klientide projektid tulenevalt kliendil\u00e4bir\u00e4\u00e4kimistest ning lisame planeeritavad projektide realiseerumise \u00a0t\u00f5en\u00e4osused. Koostame oma pikemad plaanid ja l\u00e4htuvalt muutustest majanduskeskkonnas ning autosektoris vaatame plaane regulaarselt \u00fcle ja teeme vajalikud muudatused.<\/p>\n\n\n\n<div style=\"height:20px\" aria-hidden=\"true\" class=\"wp-block-spacer\"><\/div>\n\n\n\n<p>Tulenevalt ebaselgusest maailmamajanduses ning autosektoris toimuvatest muutustest v\u00f5ivad plaanid vajada olulisi korrigeerimisi.<\/p>\n\n\n\n<div style=\"height:20px\" aria-hidden=\"true\" class=\"wp-block-spacer\"><\/div>\n\n\n\n<h2 class=\"wp-block-heading\" id=\"h-muugitulud-ja-kasumlikkus\">M\u00fc\u00fcgitulud ja kasumlikkus<\/h2>\n\n\n\n<div style=\"height:20px\" aria-hidden=\"true\" class=\"wp-block-spacer\"><\/div>\n\n\n\n<p>J\u00e4rgneval 3 aastal n\u00e4eme oma m\u00fc\u00fcgituludes selget kasvu. Kasvu n\u00e4eme nii olemasolevatele klientidele lisateenuste m\u00fc\u00fcgist kui uute klientide lisandumisest. 2024 aasta kujuneb autosektori jaoks v\u00e4ljakutsete rohkeks kuna intressi marginaalid on endiselt k\u00f5rged ja tarbijakindlus madal. N\u00e4eme olulist paranemist autosektoris aastatel 2025 ja 2026. Viimasel paaril aastal on paljud kliendid oma autoostu otsust edasi l\u00fckanud, kuid seda ei saa teha l\u00f5putult. Arvestades erinevate autotootjate plaane ja pankade prognoose n\u00e4eme autosektori olulist paranemist j\u00e4rgnevatel aastatel. Vastavalt plaanidele j\u00f5uame 2025 aastal m\u00fc\u00fcgituludes tasemeni, mis v\u00f5imaldab meil oluliselt ksvatada kasumlikkust. Kuna meie tuludes kasvab olulisel m\u00e4\u00e4ral litsentsitasude ja korduvate teenustasude proportsioon plaanime kasumlikkuse protsentuaalset kasvu aastast 2026.<\/p>\n\n\n\n<div style=\"height:20px\" aria-hidden=\"true\" class=\"wp-block-spacer\"><\/div>\n\n\n\n<figure class=\"wp-block-table\"><div class=\"pcrstb-wrap\"><table><tbody><tr><td>tuhandetes eurodes<\/td><td>2024<\/td><td>2025<\/td><td>2026<\/td><\/tr><tr><td>Tulud&nbsp;<\/td><td>2,607<\/td><td>4,263<\/td><td>5,826<\/td><\/tr><tr><td>Sh litsentsid ja korduvad teenustasud (ARR)&nbsp;<\/td><td>1,407<\/td><td>2,421<\/td><td>4,221<\/td><\/tr><tr><td>Sh toote \u00fclesseadmise tulud&nbsp;<\/td><td>1,079<\/td><td>1,74<\/td><td>1,502<\/td><\/tr><tr><td>&nbsp;<\/td><td>&nbsp;<\/td><td>&nbsp;<\/td><td>&nbsp;<\/td><\/tr><tr><td>Kapitaliseeritud v\u00e4ljaminekud oma tarbeks p\u00f5hivarade valmistamisel<\/td><td>1,857<\/td><td>1,995<\/td><td>2,194<\/td><\/tr><tr><td>&nbsp;<\/td><td>&nbsp;<\/td><td>&nbsp;<\/td><td>&nbsp;<\/td><\/tr><tr><td>Kaubad, toore, materjal ja teenused<\/td><td>1,305<\/td><td>1,394<\/td><td>1,542<\/td><\/tr><tr><td>T\u00f6\u00f6j\u00f5ukulud<\/td><td>1,394<\/td><td>1,488<\/td><td>1,632<\/td><\/tr><tr><td>Muud tegevuskulud&nbsp;<\/td><td>335<\/td><td>358<\/td><td>407<\/td><\/tr><tr><td>Amortisatsioon&nbsp;<\/td><td>1,268<\/td><td>1,646<\/td><td>2,063<\/td><\/tr><tr><td>&nbsp;<\/td><td>&nbsp;<\/td><td>&nbsp;<\/td><td>&nbsp;<\/td><\/tr><tr><td>Kasum(kahjum) enne intresse, makse ja kulumit \/ EBITDA&nbsp;<\/td><td>1,431<\/td><td>3,019<\/td><td>4,44<\/td><\/tr><tr><td>Puhaskasum<\/td><td>143<\/td><td>1,347<\/td><td>2,351<\/td><\/tr><\/tbody><\/table><\/div><\/figure>\n\n\n\n<div style=\"height:20px\" aria-hidden=\"true\" class=\"wp-block-spacer\"><\/div>\n\n\n\n<p>Modera s\u00fcsteemi kaudu on eri riikides m\u00fc\u00fcdud \u00fcle 93 470 s\u00f5iduki, mille tehingute rahaline\u00a0v\u00e4\u00e4rtus ulatub \u00fcle 3,13 miljardi euro. Eestis on ettev\u00f5te saavutanud 60% turuosa. Modera\u00a0tooteid kasutavad Nissan, Toyota, Volkswageni, Renault\u2019, BMW, Kia, FIAT, Volvo, Mercedes-Benz maaletoojad ja edasim\u00fc\u00fcjad.<\/p>\n\n\n\n<div style=\"height:20px\" aria-hidden=\"true\" class=\"wp-block-spacer\"><\/div>\n\n\n\n<p><strong>Lisainformatsiooni saamiseks palume kontakteeruda:<\/strong><\/p>\n\n\n\n<div style=\"height:20px\" aria-hidden=\"true\" class=\"wp-block-spacer\"><\/div>\n\n\n\n<p>Raido Toonekurg<br>Aktsiaselts Modera<br>Juhatuse liige<br>Tel: +372 5087 617<br>E-mail:\u00a0<a href=\"mailto:raido.toonekurg@modera.com\" target=\"_blank\" rel=\"noreferrer noopener\">raido.toonekurg@modera.com<\/a><\/p>\n\n\n\n<div style=\"height:20px\" aria-hidden=\"true\" class=\"wp-block-spacer\"><\/div>\n","protected":false},"excerpt":{"rendered":"<p>Modera oma tegevuses regulaarselt j\u00e4lgib meid m\u00f5jutavat autoturgu ning vastavalt sellele uuendame plaane ning informeerime sellest aktsion\u00e4re. Moderal on tugev tooteplatvorm ning lojaalne kliendibaas, mis kasvab jooksvalt. Modera on j\u00f5udnud&hellip;<\/p>\n","protected":false},"author":1,"featured_media":20440,"comment_status":"open","ping_status":"open","sticky":false,"template":"","format":"standard","meta":{"_lmt_disableupdate":"","_lmt_disable":"","footnotes":""},"categories":[92],"tags":[],"class_list":["post-21046","post","type-post","status-publish","format-standard","has-post-thumbnail","hentry","category-borsiteated"],"yoast_head":"<!-- This site is optimized with the Yoast SEO Premium plugin v26.6 (Yoast SEO v27.3) - https:\/\/yoast.com\/product\/yoast-seo-premium-wordpress\/ -->\n<title>MODERA plaanid 2024 - 2026 aastal - Modera<\/title>\n<meta name=\"robots\" content=\"index, follow, max-snippet:-1, max-image-preview:large, max-video-preview:-1\" \/>\n<link rel=\"canonical\" href=\"https:\/\/modera.com\/et\/automotive\/modera-plaanid-2024-2026-aastal\/\" \/>\n<meta property=\"og:locale\" content=\"et_EE\" \/>\n<meta property=\"og:type\" content=\"article\" \/>\n<meta property=\"og:title\" content=\"MODERA plaanid 2024 - 2026 aastal\" \/>\n<meta property=\"og:description\" content=\"Modera oma tegevuses regulaarselt j\u00e4lgib meid m\u00f5jutavat autoturgu ning vastavalt sellele uuendame plaane ning informeerime sellest aktsion\u00e4re. Moderal on tugev tooteplatvorm ning lojaalne kliendibaas, mis kasvab jooksvalt. Modera on j\u00f5udnud&hellip;\" \/>\n<meta property=\"og:url\" content=\"https:\/\/modera.com\/et\/automotive\/modera-plaanid-2024-2026-aastal\/\" \/>\n<meta property=\"og:site_name\" content=\"Modera\" \/>\n<meta property=\"article:publisher\" content=\"https:\/\/www.facebook.com\/moderasoft\" \/>\n<meta property=\"article:published_time\" content=\"2024-04-29T05:44:23+00:00\" \/>\n<meta property=\"article:modified_time\" content=\"2024-04-29T05:44:24+00:00\" \/>\n<meta property=\"og:image\" content=\"https:\/\/modera.com\/wp-content\/uploads\/2024\/02\/modera-bg-2-30.png\" \/>\n\t<meta property=\"og:image:width\" content=\"180\" \/>\n\t<meta property=\"og:image:height\" content=\"180\" \/>\n\t<meta property=\"og:image:type\" content=\"image\/png\" \/>\n<meta name=\"author\" content=\"NoobiDoobiDoo\" \/>\n<meta name=\"twitter:card\" content=\"summary_large_image\" \/>\n<meta name=\"twitter:label1\" content=\"Written by\" \/>\n\t<meta name=\"twitter:data1\" content=\"NoobiDoobiDoo\" \/>\n\t<meta name=\"twitter:label2\" content=\"Est. reading time\" \/>\n\t<meta name=\"twitter:data2\" content=\"2 minutit\" \/>\n<script type=\"application\/ld+json\" class=\"yoast-schema-graph\">{\"@context\":\"https:\\\/\\\/schema.org\",\"@graph\":[{\"@type\":\"Article\",\"@id\":\"https:\\\/\\\/modera.com\\\/et\\\/automotive\\\/modera-plaanid-2024-2026-aastal\\\/#article\",\"isPartOf\":{\"@id\":\"https:\\\/\\\/modera.com\\\/et\\\/automotive\\\/modera-plaanid-2024-2026-aastal\\\/\"},\"author\":{\"name\":\"NoobiDoobiDoo\",\"@id\":\"https:\\\/\\\/modera.com\\\/et\\\/#\\\/schema\\\/person\\\/25d277cae1ccb326a9c45ce0e41dd5a0\"},\"headline\":\"MODERA plaanid 2024 &#8211; 2026 aastal\",\"datePublished\":\"2024-04-29T05:44:23+00:00\",\"dateModified\":\"2024-04-29T05:44:24+00:00\",\"mainEntityOfPage\":{\"@id\":\"https:\\\/\\\/modera.com\\\/et\\\/automotive\\\/modera-plaanid-2024-2026-aastal\\\/\"},\"wordCount\":349,\"commentCount\":0,\"publisher\":{\"@id\":\"https:\\\/\\\/modera.com\\\/et\\\/#organization\"},\"image\":{\"@id\":\"https:\\\/\\\/modera.com\\\/et\\\/automotive\\\/modera-plaanid-2024-2026-aastal\\\/#primaryimage\"},\"thumbnailUrl\":\"https:\\\/\\\/modera.com\\\/wp-content\\\/uploads\\\/2024\\\/02\\\/modera-bg-2-30.png\",\"articleSection\":[\"B\u00f6rsiteated\"],\"inLanguage\":\"et\",\"potentialAction\":[{\"@type\":\"CommentAction\",\"name\":\"Comment\",\"target\":[\"https:\\\/\\\/modera.com\\\/et\\\/automotive\\\/modera-plaanid-2024-2026-aastal\\\/#respond\"]}]},{\"@type\":\"WebPage\",\"@id\":\"https:\\\/\\\/modera.com\\\/et\\\/automotive\\\/modera-plaanid-2024-2026-aastal\\\/\",\"url\":\"https:\\\/\\\/modera.com\\\/et\\\/automotive\\\/modera-plaanid-2024-2026-aastal\\\/\",\"name\":\"MODERA plaanid 2024 - 2026 aastal - Modera\",\"isPartOf\":{\"@id\":\"https:\\\/\\\/modera.com\\\/et\\\/#website\"},\"primaryImageOfPage\":{\"@id\":\"https:\\\/\\\/modera.com\\\/et\\\/automotive\\\/modera-plaanid-2024-2026-aastal\\\/#primaryimage\"},\"image\":{\"@id\":\"https:\\\/\\\/modera.com\\\/et\\\/automotive\\\/modera-plaanid-2024-2026-aastal\\\/#primaryimage\"},\"thumbnailUrl\":\"https:\\\/\\\/modera.com\\\/wp-content\\\/uploads\\\/2024\\\/02\\\/modera-bg-2-30.png\",\"datePublished\":\"2024-04-29T05:44:23+00:00\",\"dateModified\":\"2024-04-29T05:44:24+00:00\",\"breadcrumb\":{\"@id\":\"https:\\\/\\\/modera.com\\\/et\\\/automotive\\\/modera-plaanid-2024-2026-aastal\\\/#breadcrumb\"},\"inLanguage\":\"et\",\"potentialAction\":[{\"@type\":\"ReadAction\",\"target\":[\"https:\\\/\\\/modera.com\\\/et\\\/automotive\\\/modera-plaanid-2024-2026-aastal\\\/\"]}]},{\"@type\":\"ImageObject\",\"inLanguage\":\"et\",\"@id\":\"https:\\\/\\\/modera.com\\\/et\\\/automotive\\\/modera-plaanid-2024-2026-aastal\\\/#primaryimage\",\"url\":\"https:\\\/\\\/modera.com\\\/wp-content\\\/uploads\\\/2024\\\/02\\\/modera-bg-2-30.png\",\"contentUrl\":\"https:\\\/\\\/modera.com\\\/wp-content\\\/uploads\\\/2024\\\/02\\\/modera-bg-2-30.png\",\"width\":180,\"height\":180,\"caption\":\"b\u00f6rsiteade\"},{\"@type\":\"BreadcrumbList\",\"@id\":\"https:\\\/\\\/modera.com\\\/et\\\/automotive\\\/modera-plaanid-2024-2026-aastal\\\/#breadcrumb\",\"itemListElement\":[{\"@type\":\"ListItem\",\"position\":1,\"name\":\"Home\",\"item\":\"https:\\\/\\\/modera.com\\\/et\\\/\"},{\"@type\":\"ListItem\",\"position\":2,\"name\":\"MODERA plaanid 2024 &#8211; 2026 aastal\"}]},{\"@type\":\"WebSite\",\"@id\":\"https:\\\/\\\/modera.com\\\/et\\\/#website\",\"url\":\"https:\\\/\\\/modera.com\\\/et\\\/\",\"name\":\"Modera\",\"description\":\"Car sales made simple\",\"publisher\":{\"@id\":\"https:\\\/\\\/modera.com\\\/et\\\/#organization\"},\"potentialAction\":[{\"@type\":\"SearchAction\",\"target\":{\"@type\":\"EntryPoint\",\"urlTemplate\":\"https:\\\/\\\/modera.com\\\/et\\\/?s={search_term_string}\"},\"query-input\":{\"@type\":\"PropertyValueSpecification\",\"valueRequired\":true,\"valueName\":\"search_term_string\"}}],\"inLanguage\":\"et\"},{\"@type\":[\"Organization\",\"Place\"],\"@id\":\"https:\\\/\\\/modera.com\\\/et\\\/#organization\",\"name\":\"Modera Ltd.\",\"alternateName\":\"Aktsiaselts Modera\",\"url\":\"https:\\\/\\\/modera.com\\\/et\\\/\",\"logo\":{\"@id\":\"https:\\\/\\\/modera.com\\\/et\\\/automotive\\\/modera-plaanid-2024-2026-aastal\\\/#local-main-organization-logo\"},\"image\":{\"@id\":\"https:\\\/\\\/modera.com\\\/et\\\/automotive\\\/modera-plaanid-2024-2026-aastal\\\/#local-main-organization-logo\"},\"sameAs\":[\"https:\\\/\\\/www.facebook.com\\\/moderasoft\",\"https:\\\/\\\/linkedin.com\\\/company\\\/modera-automotive\"],\"description\":\"Modera helps automotive manufacturers, importers, and dealer networks modernise how they sell, communicate, and grow. Our AI-driven platform connects every part of the sales ecosystem \u2014 from lead to delivery \u2014 enabling faster sales, smarter decisions, and seamless customer experiences across online and in-store channels.\",\"legalName\":\"Aktsiaselts Modera\",\"foundingDate\":\"2007-04-27\",\"duns\":\"565452886\",\"numberOfEmployees\":{\"@type\":\"QuantitativeValue\",\"minValue\":\"11\",\"maxValue\":\"50\"},\"address\":{\"@id\":\"https:\\\/\\\/modera.com\\\/et\\\/automotive\\\/modera-plaanid-2024-2026-aastal\\\/#local-main-place-address\"},\"geo\":{\"@type\":\"GeoCoordinates\",\"latitude\":\"59.42723790071567\",\"longitude\":\"24.65569993969669\"},\"telephone\":[\"+3726505500\"],\"contactPoint\":{\"@type\":\"ContactPoint\",\"email\":\"sales@modera.com\"},\"openingHoursSpecification\":[{\"@type\":\"OpeningHoursSpecification\",\"dayOfWeek\":[\"Monday\",\"Tuesday\",\"Wednesday\",\"Thursday\",\"Friday\"],\"opens\":\"09:00\",\"closes\":\"17:00\"},{\"@type\":\"OpeningHoursSpecification\",\"dayOfWeek\":[\"Saturday\",\"Sunday\"],\"opens\":\"00:00\",\"closes\":\"00:00\"}],\"email\":\"info@modera.com\",\"areaServed\":\"Whole world\",\"vatID\":\"EE101257613\"},{\"@type\":\"Person\",\"@id\":\"https:\\\/\\\/modera.com\\\/et\\\/#\\\/schema\\\/person\\\/25d277cae1ccb326a9c45ce0e41dd5a0\",\"name\":\"NoobiDoobiDoo\",\"image\":{\"@type\":\"ImageObject\",\"inLanguage\":\"et\",\"@id\":\"https:\\\/\\\/secure.gravatar.com\\\/avatar\\\/7deaadb8c76b2b297062cbcb81e100c5746cf5962410da858ce7e3c3aff37b0b?s=96&d=mm&r=g\",\"url\":\"https:\\\/\\\/secure.gravatar.com\\\/avatar\\\/7deaadb8c76b2b297062cbcb81e100c5746cf5962410da858ce7e3c3aff37b0b?s=96&d=mm&r=g\",\"contentUrl\":\"https:\\\/\\\/secure.gravatar.com\\\/avatar\\\/7deaadb8c76b2b297062cbcb81e100c5746cf5962410da858ce7e3c3aff37b0b?s=96&d=mm&r=g\",\"caption\":\"NoobiDoobiDoo\"},\"sameAs\":[\"https:\\\/\\\/modera.com\"],\"url\":\"https:\\\/\\\/modera.com\\\/et\\\/automotive\\\/author\\\/noobidoobidoo\\\/\"},{\"@type\":\"PostalAddress\",\"@id\":\"https:\\\/\\\/modera.com\\\/et\\\/automotive\\\/modera-plaanid-2024-2026-aastal\\\/#local-main-place-address\",\"streetAddress\":\"M\u00f5isa tn 4\",\"addressLocality\":\"Tallinn\",\"postalCode\":\"13522\",\"addressRegion\":\"Harjumaa\",\"addressCountry\":\"EE\"},{\"@type\":\"ImageObject\",\"inLanguage\":\"et\",\"@id\":\"https:\\\/\\\/modera.com\\\/et\\\/automotive\\\/modera-plaanid-2024-2026-aastal\\\/#local-main-organization-logo\",\"url\":\"https:\\\/\\\/modera.com\\\/wp-content\\\/uploads\\\/2025\\\/12\\\/Modera-logo-square-hq.png\",\"contentUrl\":\"https:\\\/\\\/modera.com\\\/wp-content\\\/uploads\\\/2025\\\/12\\\/Modera-logo-square-hq.png\",\"width\":540,\"height\":540,\"caption\":\"Modera Ltd.\"}]}<\/script>\n<meta name=\"geo.placename\" content=\"Tallinn\" \/>\n<meta name=\"geo.position\" content=\"59.42723790071567;24.65569993969669\" \/>\n<meta name=\"geo.region\" content=\"Estonia\" \/>\n<!-- \/ Yoast SEO Premium plugin. -->","yoast_head_json":{"title":"MODERA plaanid 2024 - 2026 aastal - Modera","robots":{"index":"index","follow":"follow","max-snippet":"max-snippet:-1","max-image-preview":"max-image-preview:large","max-video-preview":"max-video-preview:-1"},"canonical":"https:\/\/modera.com\/et\/automotive\/modera-plaanid-2024-2026-aastal\/","og_locale":"et_EE","og_type":"article","og_title":"MODERA plaanid 2024 - 2026 aastal","og_description":"Modera oma tegevuses regulaarselt j\u00e4lgib meid m\u00f5jutavat autoturgu ning vastavalt sellele uuendame plaane ning informeerime sellest aktsion\u00e4re. Moderal on tugev tooteplatvorm ning lojaalne kliendibaas, mis kasvab jooksvalt. Modera on j\u00f5udnud&hellip;","og_url":"https:\/\/modera.com\/et\/automotive\/modera-plaanid-2024-2026-aastal\/","og_site_name":"Modera","article_publisher":"https:\/\/www.facebook.com\/moderasoft","article_published_time":"2024-04-29T05:44:23+00:00","article_modified_time":"2024-04-29T05:44:24+00:00","og_image":[{"width":180,"height":180,"url":"https:\/\/modera.com\/wp-content\/uploads\/2024\/02\/modera-bg-2-30.png","type":"image\/png"}],"author":"NoobiDoobiDoo","twitter_card":"summary_large_image","twitter_misc":{"Written by":"NoobiDoobiDoo","Est. reading time":"2 minutit"},"schema":{"@context":"https:\/\/schema.org","@graph":[{"@type":"Article","@id":"https:\/\/modera.com\/et\/automotive\/modera-plaanid-2024-2026-aastal\/#article","isPartOf":{"@id":"https:\/\/modera.com\/et\/automotive\/modera-plaanid-2024-2026-aastal\/"},"author":{"name":"NoobiDoobiDoo","@id":"https:\/\/modera.com\/et\/#\/schema\/person\/25d277cae1ccb326a9c45ce0e41dd5a0"},"headline":"MODERA plaanid 2024 &#8211; 2026 aastal","datePublished":"2024-04-29T05:44:23+00:00","dateModified":"2024-04-29T05:44:24+00:00","mainEntityOfPage":{"@id":"https:\/\/modera.com\/et\/automotive\/modera-plaanid-2024-2026-aastal\/"},"wordCount":349,"commentCount":0,"publisher":{"@id":"https:\/\/modera.com\/et\/#organization"},"image":{"@id":"https:\/\/modera.com\/et\/automotive\/modera-plaanid-2024-2026-aastal\/#primaryimage"},"thumbnailUrl":"https:\/\/modera.com\/wp-content\/uploads\/2024\/02\/modera-bg-2-30.png","articleSection":["B\u00f6rsiteated"],"inLanguage":"et","potentialAction":[{"@type":"CommentAction","name":"Comment","target":["https:\/\/modera.com\/et\/automotive\/modera-plaanid-2024-2026-aastal\/#respond"]}]},{"@type":"WebPage","@id":"https:\/\/modera.com\/et\/automotive\/modera-plaanid-2024-2026-aastal\/","url":"https:\/\/modera.com\/et\/automotive\/modera-plaanid-2024-2026-aastal\/","name":"MODERA plaanid 2024 - 2026 aastal - Modera","isPartOf":{"@id":"https:\/\/modera.com\/et\/#website"},"primaryImageOfPage":{"@id":"https:\/\/modera.com\/et\/automotive\/modera-plaanid-2024-2026-aastal\/#primaryimage"},"image":{"@id":"https:\/\/modera.com\/et\/automotive\/modera-plaanid-2024-2026-aastal\/#primaryimage"},"thumbnailUrl":"https:\/\/modera.com\/wp-content\/uploads\/2024\/02\/modera-bg-2-30.png","datePublished":"2024-04-29T05:44:23+00:00","dateModified":"2024-04-29T05:44:24+00:00","breadcrumb":{"@id":"https:\/\/modera.com\/et\/automotive\/modera-plaanid-2024-2026-aastal\/#breadcrumb"},"inLanguage":"et","potentialAction":[{"@type":"ReadAction","target":["https:\/\/modera.com\/et\/automotive\/modera-plaanid-2024-2026-aastal\/"]}]},{"@type":"ImageObject","inLanguage":"et","@id":"https:\/\/modera.com\/et\/automotive\/modera-plaanid-2024-2026-aastal\/#primaryimage","url":"https:\/\/modera.com\/wp-content\/uploads\/2024\/02\/modera-bg-2-30.png","contentUrl":"https:\/\/modera.com\/wp-content\/uploads\/2024\/02\/modera-bg-2-30.png","width":180,"height":180,"caption":"b\u00f6rsiteade"},{"@type":"BreadcrumbList","@id":"https:\/\/modera.com\/et\/automotive\/modera-plaanid-2024-2026-aastal\/#breadcrumb","itemListElement":[{"@type":"ListItem","position":1,"name":"Home","item":"https:\/\/modera.com\/et\/"},{"@type":"ListItem","position":2,"name":"MODERA plaanid 2024 &#8211; 2026 aastal"}]},{"@type":"WebSite","@id":"https:\/\/modera.com\/et\/#website","url":"https:\/\/modera.com\/et\/","name":"Modera","description":"Car sales made simple","publisher":{"@id":"https:\/\/modera.com\/et\/#organization"},"potentialAction":[{"@type":"SearchAction","target":{"@type":"EntryPoint","urlTemplate":"https:\/\/modera.com\/et\/?s={search_term_string}"},"query-input":{"@type":"PropertyValueSpecification","valueRequired":true,"valueName":"search_term_string"}}],"inLanguage":"et"},{"@type":["Organization","Place"],"@id":"https:\/\/modera.com\/et\/#organization","name":"Modera Ltd.","alternateName":"Aktsiaselts Modera","url":"https:\/\/modera.com\/et\/","logo":{"@id":"https:\/\/modera.com\/et\/automotive\/modera-plaanid-2024-2026-aastal\/#local-main-organization-logo"},"image":{"@id":"https:\/\/modera.com\/et\/automotive\/modera-plaanid-2024-2026-aastal\/#local-main-organization-logo"},"sameAs":["https:\/\/www.facebook.com\/moderasoft","https:\/\/linkedin.com\/company\/modera-automotive"],"description":"Modera helps automotive manufacturers, importers, and dealer networks modernise how they sell, communicate, and grow. Our AI-driven platform connects every part of the sales ecosystem \u2014 from lead to delivery \u2014 enabling faster sales, smarter decisions, and seamless customer experiences across online and in-store channels.","legalName":"Aktsiaselts Modera","foundingDate":"2007-04-27","duns":"565452886","numberOfEmployees":{"@type":"QuantitativeValue","minValue":"11","maxValue":"50"},"address":{"@id":"https:\/\/modera.com\/et\/automotive\/modera-plaanid-2024-2026-aastal\/#local-main-place-address"},"geo":{"@type":"GeoCoordinates","latitude":"59.42723790071567","longitude":"24.65569993969669"},"telephone":["+3726505500"],"contactPoint":{"@type":"ContactPoint","email":"sales@modera.com"},"openingHoursSpecification":[{"@type":"OpeningHoursSpecification","dayOfWeek":["Monday","Tuesday","Wednesday","Thursday","Friday"],"opens":"09:00","closes":"17:00"},{"@type":"OpeningHoursSpecification","dayOfWeek":["Saturday","Sunday"],"opens":"00:00","closes":"00:00"}],"email":"info@modera.com","areaServed":"Whole world","vatID":"EE101257613"},{"@type":"Person","@id":"https:\/\/modera.com\/et\/#\/schema\/person\/25d277cae1ccb326a9c45ce0e41dd5a0","name":"NoobiDoobiDoo","image":{"@type":"ImageObject","inLanguage":"et","@id":"https:\/\/secure.gravatar.com\/avatar\/7deaadb8c76b2b297062cbcb81e100c5746cf5962410da858ce7e3c3aff37b0b?s=96&d=mm&r=g","url":"https:\/\/secure.gravatar.com\/avatar\/7deaadb8c76b2b297062cbcb81e100c5746cf5962410da858ce7e3c3aff37b0b?s=96&d=mm&r=g","contentUrl":"https:\/\/secure.gravatar.com\/avatar\/7deaadb8c76b2b297062cbcb81e100c5746cf5962410da858ce7e3c3aff37b0b?s=96&d=mm&r=g","caption":"NoobiDoobiDoo"},"sameAs":["https:\/\/modera.com"],"url":"https:\/\/modera.com\/et\/automotive\/author\/noobidoobidoo\/"},{"@type":"PostalAddress","@id":"https:\/\/modera.com\/et\/automotive\/modera-plaanid-2024-2026-aastal\/#local-main-place-address","streetAddress":"M\u00f5isa tn 4","addressLocality":"Tallinn","postalCode":"13522","addressRegion":"Harjumaa","addressCountry":"EE"},{"@type":"ImageObject","inLanguage":"et","@id":"https:\/\/modera.com\/et\/automotive\/modera-plaanid-2024-2026-aastal\/#local-main-organization-logo","url":"https:\/\/modera.com\/wp-content\/uploads\/2025\/12\/Modera-logo-square-hq.png","contentUrl":"https:\/\/modera.com\/wp-content\/uploads\/2025\/12\/Modera-logo-square-hq.png","width":540,"height":540,"caption":"Modera Ltd."}]},"geo.placename":"Tallinn","geo.position":{"lat":"59.42723790071567","long":"24.65569993969669"},"geo.region":"Estonia"},"_links":{"self":[{"href":"https:\/\/modera.com\/et\/wp-json\/wp\/v2\/posts\/21046","targetHints":{"allow":["GET"]}}],"collection":[{"href":"https:\/\/modera.com\/et\/wp-json\/wp\/v2\/posts"}],"about":[{"href":"https:\/\/modera.com\/et\/wp-json\/wp\/v2\/types\/post"}],"author":[{"embeddable":true,"href":"https:\/\/modera.com\/et\/wp-json\/wp\/v2\/users\/1"}],"replies":[{"embeddable":true,"href":"https:\/\/modera.com\/et\/wp-json\/wp\/v2\/comments?post=21046"}],"version-history":[{"count":1,"href":"https:\/\/modera.com\/et\/wp-json\/wp\/v2\/posts\/21046\/revisions"}],"predecessor-version":[{"id":21047,"href":"https:\/\/modera.com\/et\/wp-json\/wp\/v2\/posts\/21046\/revisions\/21047"}],"wp:featuredmedia":[{"embeddable":true,"href":"https:\/\/modera.com\/et\/wp-json\/wp\/v2\/media\/20440"}],"wp:attachment":[{"href":"https:\/\/modera.com\/et\/wp-json\/wp\/v2\/media?parent=21046"}],"wp:term":[{"taxonomy":"category","embeddable":true,"href":"https:\/\/modera.com\/et\/wp-json\/wp\/v2\/categories?post=21046"},{"taxonomy":"post_tag","embeddable":true,"href":"https:\/\/modera.com\/et\/wp-json\/wp\/v2\/tags?post=21046"}],"curies":[{"name":"wp","href":"https:\/\/api.w.org\/{rel}","templated":true}]}}